{"id":26701,"date":"2022-09-03T17:42:47","date_gmt":"2022-09-03T17:42:47","guid":{"rendered":"https:\/\/blogdorogeriogomes.com.br\/?p=26701"},"modified":"2022-09-05T13:20:18","modified_gmt":"2022-09-05T13:20:18","slug":"cid-gomes-participa-de-adesivaco-em-sobral-e-declara-apoio-a-camilo-santana-para-o-senado","status":"publish","type":"post","link":"https:\/\/blogdorogeriogomes.com.br\/noticias\/2022\/09\/cid-gomes-participa-de-adesivaco-em-sobral-e-declara-apoio-a-camilo-santana-para-o-senado\/","title":{"rendered":"Cid Gomes participa de adesiva\u00e7o em Sobral e declara apoio a Camilo Santana para o Senado"},"content":{"rendered":"\n<p>O senador Cid Gomes (PDT) participou da sua primeira a\u00e7\u00e3o de campanha, neste s\u00e1bado, dia 3 de setembro, em Sobral, quando fez adesiva\u00e7o em carros em prol da candidatura do irm\u00e3o Ciro Gomes (PDT) \u00e0 Presid\u00eancia da Rep\u00fablica. Cid tamb\u00e9m declarou voto no ex-governador Camilo Santana (PT) para o Senado.<\/p>\n\n\n\n<p>No entanto, Cid Gomes n\u00e3o se manifestou sobre apoio ao candidato do PDT ao Governo do Estado, Roberto Cl\u00e1udio, no 1\u00b0 turno. Cid vai adotar a neutralidade, porque disse n\u00e3o concordar com o processo de escolha do candidato do partido em detrimento do nome da governadora Izolda Cela que gerou o rompimento pol\u00edtico entre PDT e PT. &#8220;Como isso foi contra a minha vontade, essa separa\u00e7\u00e3o, a melhor conduta que eu achei foi essa&#8221;, disse o pedetista.<\/p>\n\n\n\n<p>&#8220;Meu amigo\/irm\u00e3o Cid, muito obrigado pelo seu apoio e, principalmente, pela sua amizade. Estaremos sempre juntos, pelo bem do Cear\u00e1&#8221;, declarou o ex-governador Camilo Santana pelas redes sociais.<\/p>\n\n\n\n<figure class=\"wp-block-image size-full\"><img loading=\"lazy\" decoding=\"async\" width=\"818\" height=\"459\" src=\"https:\/\/blogdorogeriogomes.com.br\/wp-content\/uploads\/2022\/09\/1_20220903104846__mg_0500-19609788.jpg\" alt=\"\" class=\"wp-image-26702\" srcset=\"https:\/\/blogdorogeriogomes.com.br\/noticias\/wp-content\/uploads\/2022\/09\/1_20220903104846__mg_0500-19609788.jpg 818w, https:\/\/blogdorogeriogomes.com.br\/noticias\/wp-content\/uploads\/2022\/09\/1_20220903104846__mg_0500-19609788-300x168.jpg 300w, https:\/\/blogdorogeriogomes.com.br\/noticias\/wp-content\/uploads\/2022\/09\/1_20220903104846__mg_0500-19609788-768x431.jpg 768w, https:\/\/blogdorogeriogomes.com.br\/noticias\/wp-content\/uploads\/2022\/09\/1_20220903104846__mg_0500-19609788-800x449.jpg 800w\" sizes=\"auto, (max-width: 818px) 100vw, 818px\" \/><\/figure>\n","protected":false},"excerpt":{"rendered":"<p>O senador Cid Gomes (PDT) participou da sua primeira a\u00e7\u00e3o de campanha, neste s\u00e1bado, dia 3 de setembro, em Sobral, quando fez adesiva\u00e7o em carros em prol da candidatura do irm\u00e3o Ciro Gomes (PDT) \u00e0 Presid\u00eancia da Rep\u00fablica. Cid tamb\u00e9m declarou voto no ex-governador Camilo Santana (PT) para o Senado. No entanto, Cid Gomes n\u00e3o se manifestou sobre apoio ao candidato do PDT ao Governo do Estado, Roberto Cl\u00e1udio, no 1\u00b0 turno. Cid vai adotar a neutralidade, porque disse&hellip;<\/p>\n","protected":false},"author":1,"featured_media":26702,"comment_status":"open","ping_status":"open","sticky":false,"template":"","format":"standard","meta":{"footnotes":""},"categories":[1],"tags":[],"class_list":["post-26701","post","type-post","status-publish","format-standard","has-post-thumbnail","hentry","category-noticias"],"_links":{"self":[{"href":"https:\/\/blogdorogeriogomes.com.br\/noticias\/wp-json\/wp\/v2\/posts\/26701","targetHints":{"allow":["GET"]}}],"collection":[{"href":"https:\/\/blogdorogeriogomes.com.br\/noticias\/wp-json\/wp\/v2\/posts"}],"about":[{"href":"https:\/\/blogdorogeriogomes.com.br\/noticias\/wp-json\/wp\/v2\/types\/post"}],"author":[{"embeddable":true,"href":"https:\/\/blogdorogeriogomes.com.br\/noticias\/wp-json\/wp\/v2\/users\/1"}],"replies":[{"embeddable":true,"href":"https:\/\/blogdorogeriogomes.com.br\/noticias\/wp-json\/wp\/v2\/comments?post=26701"}],"version-history":[{"count":1,"href":"https:\/\/blogdorogeriogomes.com.br\/noticias\/wp-json\/wp\/v2\/posts\/26701\/revisions"}],"predecessor-version":[{"id":26703,"href":"https:\/\/blogdorogeriogomes.com.br\/noticias\/wp-json\/wp\/v2\/posts\/26701\/revisions\/26703"}],"wp:featuredmedia":[{"embeddable":true,"href":"https:\/\/blogdorogeriogomes.com.br\/noticias\/wp-json\/wp\/v2\/media\/26702"}],"wp:attachment":[{"href":"https:\/\/blogdorogeriogomes.com.br\/noticias\/wp-json\/wp\/v2\/media?parent=26701"}],"wp:term":[{"taxonomy":"category","embeddable":true,"href":"https:\/\/blogdorogeriogomes.com.br\/noticias\/wp-json\/wp\/v2\/categories?post=26701"},{"taxonomy":"post_tag","embeddable":true,"href":"https:\/\/blogdorogeriogomes.com.br\/noticias\/wp-json\/wp\/v2\/tags?post=26701"}],"curies":[{"name":"wp","href":"https:\/\/api.w.org\/{rel}","templated":true}]}}