{"id":26710,"date":"2022-09-05T10:41:39","date_gmt":"2022-09-05T10:41:39","guid":{"rendered":"https:\/\/blogdorogeriogomes.com.br\/?p=26710"},"modified":"2022-09-05T13:19:43","modified_gmt":"2022-09-05T13:19:43","slug":"bolsonaro-aposta-todas-as-fichas-no-7-de-setembro-para-reverter-desvantagem-nas-pesquisas-eleitorais","status":"publish","type":"post","link":"https:\/\/blogdorogeriogomes.com.br\/noticias\/2022\/09\/bolsonaro-aposta-todas-as-fichas-no-7-de-setembro-para-reverter-desvantagem-nas-pesquisas-eleitorais\/","title":{"rendered":"Bolsonaro aposta &#8220;todas as fichas&#8221; no 7 de Setembro para reverter desvantagem nas pesquisas eleitorais"},"content":{"rendered":"\n<p>Entre eleitores bolsonaristas \u00e9 grande a expectativa para os atos programados para esta quarta-feira, dia 7 de setembro. De manh\u00e3, Bolsonaro acompanhar\u00e1 o desfile c\u00edvico em Bras\u00edlia e depois seguir\u00e1 para o Rio de Janeiro, onde est\u00e3o previstas apresenta\u00e7\u00f5es militares durante um ato na Praia de Copacabana. Tamb\u00e9m haver\u00e1 manifesta\u00e7\u00e3o bolsonarista na avenida Paulista, em S\u00e3o Paulo, e outras capitais como Fortaleza. <\/p>\n\n\n\n<p>Jair Bolsonaro s\u00f3 deve fazer discurso no Rio de Janeiro. Nas manifesta\u00e7\u00f5es, o presidente da Rep\u00fablica aposta nos apoios de evang\u00e9licos, empres\u00e1rios do agroneg\u00f3cio e conservadores. Em desvantagem nas pesquisas eleitorais para o ex-presidente Lula (PT), a estrat\u00e9gia bolsonarista continuando sendo a radicaliza\u00e7\u00e3o. A ordem \u00e9 atacar o sistema eleitoral e as institui\u00e7\u00f5es, como \u00e9 o caso do Supremo Tribunal Federal.<\/p>\n\n\n\n<p>No s\u00e1bado passado, dia 3 de setembro, Bolsonaro voltou a criticar a opera\u00e7\u00e3o, autorizada pelo ministro do Supremo Tribunal Federal (STF),&nbsp;Alexandre de Moraes, contra&nbsp;empres\u00e1rios bolsonaristas&nbsp;que&nbsp;discutiam, em mensagens, um eventual golpe de Estado caso o ex-presidente Lula ven\u00e7a as elei\u00e7\u00f5es. Sem citar nomes, Bolsonaro usou termos como &#8220;um vagabundo atr\u00e1s da \u00e1rvore ouvindo a nossa conversa&#8221; e &#8220;mais vagabundo \u00e9 quem d\u00e1 canetada&#8221;.<\/p>\n\n\n\n<figure class=\"wp-block-image size-full\"><img loading=\"lazy\" decoding=\"async\" width=\"450\" height=\"337\" src=\"https:\/\/blogdorogeriogomes.com.br\/wp-content\/uploads\/2022\/09\/o-presidente-jair-bolsonaro-discursa-em-carro-de-som-durante-ato-com-pautas-antidemocraticas-na-avenida-paulista-1631057061499_v2_450x337.jpg.webp\" alt=\"\" class=\"wp-image-26711\" srcset=\"https:\/\/blogdorogeriogomes.com.br\/noticias\/wp-content\/uploads\/2022\/09\/o-presidente-jair-bolsonaro-discursa-em-carro-de-som-durante-ato-com-pautas-antidemocraticas-na-avenida-paulista-1631057061499_v2_450x337.jpg.webp 450w, https:\/\/blogdorogeriogomes.com.br\/noticias\/wp-content\/uploads\/2022\/09\/o-presidente-jair-bolsonaro-discursa-em-carro-de-som-durante-ato-com-pautas-antidemocraticas-na-avenida-paulista-1631057061499_v2_450x337.jpg-300x225.webp 300w, https:\/\/blogdorogeriogomes.com.br\/noticias\/wp-content\/uploads\/2022\/09\/o-presidente-jair-bolsonaro-discursa-em-carro-de-som-durante-ato-com-pautas-antidemocraticas-na-avenida-paulista-1631057061499_v2_450x337.jpg-400x300.webp 400w\" sizes=\"auto, (max-width: 450px) 100vw, 450px\" \/><\/figure>\n","protected":false},"excerpt":{"rendered":"<p>Entre eleitores bolsonaristas \u00e9 grande a expectativa para os atos programados para esta quarta-feira, dia 7 de setembro. De manh\u00e3, Bolsonaro acompanhar\u00e1 o desfile c\u00edvico em Bras\u00edlia e depois seguir\u00e1 para o Rio de Janeiro, onde est\u00e3o previstas apresenta\u00e7\u00f5es militares durante um ato na Praia de Copacabana. Tamb\u00e9m haver\u00e1 manifesta\u00e7\u00e3o bolsonarista na avenida Paulista, em S\u00e3o Paulo, e outras capitais como Fortaleza. Jair Bolsonaro s\u00f3 deve fazer discurso no Rio de Janeiro. Nas manifesta\u00e7\u00f5es, o presidente da Rep\u00fablica aposta&hellip;<\/p>\n","protected":false},"author":1,"featured_media":26711,"comment_status":"open","ping_status":"open","sticky":false,"template":"","format":"standard","meta":{"footnotes":""},"categories":[1],"tags":[],"class_list":["post-26710","post","type-post","status-publish","format-standard","has-post-thumbnail","hentry","category-noticias"],"_links":{"self":[{"href":"https:\/\/blogdorogeriogomes.com.br\/noticias\/wp-json\/wp\/v2\/posts\/26710","targetHints":{"allow":["GET"]}}],"collection":[{"href":"https:\/\/blogdorogeriogomes.com.br\/noticias\/wp-json\/wp\/v2\/posts"}],"about":[{"href":"https:\/\/blogdorogeriogomes.com.br\/noticias\/wp-json\/wp\/v2\/types\/post"}],"author":[{"embeddable":true,"href":"https:\/\/blogdorogeriogomes.com.br\/noticias\/wp-json\/wp\/v2\/users\/1"}],"replies":[{"embeddable":true,"href":"https:\/\/blogdorogeriogomes.com.br\/noticias\/wp-json\/wp\/v2\/comments?post=26710"}],"version-history":[{"count":2,"href":"https:\/\/blogdorogeriogomes.com.br\/noticias\/wp-json\/wp\/v2\/posts\/26710\/revisions"}],"predecessor-version":[{"id":26713,"href":"https:\/\/blogdorogeriogomes.com.br\/noticias\/wp-json\/wp\/v2\/posts\/26710\/revisions\/26713"}],"wp:featuredmedia":[{"embeddable":true,"href":"https:\/\/blogdorogeriogomes.com.br\/noticias\/wp-json\/wp\/v2\/media\/26711"}],"wp:attachment":[{"href":"https:\/\/blogdorogeriogomes.com.br\/noticias\/wp-json\/wp\/v2\/media?parent=26710"}],"wp:term":[{"taxonomy":"category","embeddable":true,"href":"https:\/\/blogdorogeriogomes.com.br\/noticias\/wp-json\/wp\/v2\/categories?post=26710"},{"taxonomy":"post_tag","embeddable":true,"href":"https:\/\/blogdorogeriogomes.com.br\/noticias\/wp-json\/wp\/v2\/tags?post=26710"}],"curies":[{"name":"wp","href":"https:\/\/api.w.org\/{rel}","templated":true}]}}