{"id":26718,"date":"2022-09-05T19:02:36","date_gmt":"2022-09-05T19:02:36","guid":{"rendered":"https:\/\/blogdorogeriogomes.com.br\/?p=26718"},"modified":"2022-09-06T11:38:56","modified_gmt":"2022-09-06T11:38:56","slug":"ministro-edson-fachin-suspende-decretos-de-bolsonaro-sobre-compra-de-armas","status":"publish","type":"post","link":"https:\/\/blogdorogeriogomes.com.br\/noticias\/2022\/09\/ministro-edson-fachin-suspende-decretos-de-bolsonaro-sobre-compra-de-armas\/","title":{"rendered":"Ministro Edson Fachin suspende decretos de Bolsonaro sobre compra de armas"},"content":{"rendered":"\n<p>O ministro do Supremo Tribunal Federal (STF), Edson Fachin, afirmou ver risco de viol\u00eancia pol\u00edtica nas elei\u00e7\u00f5es deste ano e determinou, nesta segunda-feira, dia 5 de setembro, a suspens\u00e3o de trechos de decretos em que o presidente Jair Bolsonaro facilitou a compra e o porte de armas de fogo.<\/p>\n\n\n\n<p>Fachin tamb\u00e9m restringiu os efeitos de uma portaria conjunta em que os minist\u00e9rios da Justi\u00e7a e Seguran\u00e7a P\u00fablica e da Defesa liberam a compra mensal de at\u00e9 300 unidades de muni\u00e7\u00e3o esportiva calibre 22 de fogo circular, 200 unidades de muni\u00e7\u00e3o de ca\u00e7a e esportiva nos calibres 12, 16, 20, 24, 28, 32, 36 e 9.1mm, e 50 unidades das demais muni\u00e7\u00f5es de calibres permitidos.<br><\/p>\n\n\n\n<figure class=\"wp-block-image size-full\"><img loading=\"lazy\" decoding=\"async\" width=\"760\" height=\"403\" src=\"https:\/\/blogdorogeriogomes.com.br\/wp-content\/uploads\/2022\/09\/images-3.jpeg\" alt=\"\" class=\"wp-image-26719\" srcset=\"https:\/\/blogdorogeriogomes.com.br\/noticias\/wp-content\/uploads\/2022\/09\/images-3.jpeg 760w, https:\/\/blogdorogeriogomes.com.br\/noticias\/wp-content\/uploads\/2022\/09\/images-3-300x159.jpeg 300w\" sizes=\"auto, (max-width: 760px) 100vw, 760px\" \/><\/figure>\n","protected":false},"excerpt":{"rendered":"<p>O ministro do Supremo Tribunal Federal (STF), Edson Fachin, afirmou ver risco de viol\u00eancia pol\u00edtica nas elei\u00e7\u00f5es deste ano e determinou, nesta segunda-feira, dia 5 de setembro, a suspens\u00e3o de trechos de decretos em que o presidente Jair Bolsonaro facilitou a compra e o porte de armas de fogo. Fachin tamb\u00e9m restringiu os efeitos de uma portaria conjunta em que os minist\u00e9rios da Justi\u00e7a e Seguran\u00e7a P\u00fablica e da Defesa liberam a compra mensal de at\u00e9 300 unidades de&hellip;<\/p>\n","protected":false},"author":1,"featured_media":26719,"comment_status":"open","ping_status":"open","sticky":false,"template":"","format":"standard","meta":{"footnotes":""},"categories":[1],"tags":[],"class_list":["post-26718","post","type-post","status-publish","format-standard","has-post-thumbnail","hentry","category-noticias"],"_links":{"self":[{"href":"https:\/\/blogdorogeriogomes.com.br\/noticias\/wp-json\/wp\/v2\/posts\/26718","targetHints":{"allow":["GET"]}}],"collection":[{"href":"https:\/\/blogdorogeriogomes.com.br\/noticias\/wp-json\/wp\/v2\/posts"}],"about":[{"href":"https:\/\/blogdorogeriogomes.com.br\/noticias\/wp-json\/wp\/v2\/types\/post"}],"author":[{"embeddable":true,"href":"https:\/\/blogdorogeriogomes.com.br\/noticias\/wp-json\/wp\/v2\/users\/1"}],"replies":[{"embeddable":true,"href":"https:\/\/blogdorogeriogomes.com.br\/noticias\/wp-json\/wp\/v2\/comments?post=26718"}],"version-history":[{"count":1,"href":"https:\/\/blogdorogeriogomes.com.br\/noticias\/wp-json\/wp\/v2\/posts\/26718\/revisions"}],"predecessor-version":[{"id":26720,"href":"https:\/\/blogdorogeriogomes.com.br\/noticias\/wp-json\/wp\/v2\/posts\/26718\/revisions\/26720"}],"wp:featuredmedia":[{"embeddable":true,"href":"https:\/\/blogdorogeriogomes.com.br\/noticias\/wp-json\/wp\/v2\/media\/26719"}],"wp:attachment":[{"href":"https:\/\/blogdorogeriogomes.com.br\/noticias\/wp-json\/wp\/v2\/media?parent=26718"}],"wp:term":[{"taxonomy":"category","embeddable":true,"href":"https:\/\/blogdorogeriogomes.com.br\/noticias\/wp-json\/wp\/v2\/categories?post=26718"},{"taxonomy":"post_tag","embeddable":true,"href":"https:\/\/blogdorogeriogomes.com.br\/noticias\/wp-json\/wp\/v2\/tags?post=26718"}],"curies":[{"name":"wp","href":"https:\/\/api.w.org\/{rel}","templated":true}]}}