{"id":26727,"date":"2022-09-06T11:05:23","date_gmt":"2022-09-06T11:05:23","guid":{"rendered":"https:\/\/blogdorogeriogomes.com.br\/?p=26727"},"modified":"2022-09-06T11:38:21","modified_gmt":"2022-09-06T11:38:21","slug":"apoio-de-presidenciaveis-aos-candidatos-ao-governo-do-ceara-podem-fazer-diferenca-em-outubro","status":"publish","type":"post","link":"https:\/\/blogdorogeriogomes.com.br\/noticias\/2022\/09\/apoio-de-presidenciaveis-aos-candidatos-ao-governo-do-ceara-podem-fazer-diferenca-em-outubro\/","title":{"rendered":"Apoio de presidenciaveis aos candidatos ao Governo do Cear\u00e1 podem fazer diferen\u00e7a em outubro"},"content":{"rendered":"\n<p>A disputa para o Governo do Cear\u00e1 esquenta nas ruas a menos de um m\u00eas para o 1\u00b0 turno. E os presidenciaveis tamb\u00e9m podem ajudar no convencimento ao eleitor. Lula (PT), que ap\u00f3ia Elmano de Freitas (PT), promete vir mais uma vez ao Cear\u00e1 neste m\u00eas de setembro. O mesmo deve ocorrer com o presidente Jair Bolsonaro (PL), que ap\u00f3ia Capit\u00e3o Wagner (Uni\u00e3o Brasil). Bolsonaro tamb\u00e9m tem agenda prevista ainda este m\u00eas no estado.<\/p>\n\n\n\n<p>Roberto Cl\u00e1udio (PDT) tem a sua candidatura chancelada pelo presidenciavel Ciro Gomes (PDT), que tem concentrado suas a\u00e7\u00f5es eleitorais em outras regi\u00f5es. No entanto, deve tamb\u00e9m programar a\u00e7\u00f5es de campanha em Fortaleza at\u00e9 o dia 2 de outubro.<\/p>\n\n\n\n<p>Levantamento realizado pelo Instituto Paran\u00e1 Pesquisas para o Governo do Cear\u00e1 mostra acirramento na disputa pelo segundo lugar entre Roberto Cl\u00e1udio e Elmano de Freitas. Capit\u00e3o Wagner lidera. A consulta ouviu eleitores de 60 munic\u00edpios do Cear\u00e1 entre 31 de agosto a 4 de setembro.<\/p>\n\n\n\n<p>O candidato do Uni\u00e3o Brasil ao Governo do Estado, Capit\u00e3o Wagner, lidera as inten\u00e7\u00f5es de voto de forma isolada com 37,5% das inten\u00e7\u00f5es de voto e com boa vantagem sobre os seus advers\u00e1rios: o segundo colocado Roberto Cl\u00e1udio registrou 24,3% e o terceiro Elmano de Freitas 20,9%.<\/p>\n\n\n\n<figure class=\"wp-block-image size-full\"><img loading=\"lazy\" decoding=\"async\" width=\"418\" height=\"314\" src=\"https:\/\/blogdorogeriogomes.com.br\/wp-content\/uploads\/2022\/09\/Lula-e-Elmano.jpg\" alt=\"\" class=\"wp-image-26728\" srcset=\"https:\/\/blogdorogeriogomes.com.br\/noticias\/wp-content\/uploads\/2022\/09\/Lula-e-Elmano.jpg 418w, https:\/\/blogdorogeriogomes.com.br\/noticias\/wp-content\/uploads\/2022\/09\/Lula-e-Elmano-300x225.jpg 300w, https:\/\/blogdorogeriogomes.com.br\/noticias\/wp-content\/uploads\/2022\/09\/Lula-e-Elmano-400x300.jpg 400w\" sizes=\"auto, (max-width: 418px) 100vw, 418px\" \/><\/figure>\n\n\n\n<figure class=\"wp-block-image size-full\"><img loading=\"lazy\" decoding=\"async\" width=\"418\" height=\"314\" src=\"https:\/\/blogdorogeriogomes.com.br\/wp-content\/uploads\/2022\/09\/Bolsonaro-e-Capit-o-Wagner.jpg\" alt=\"\" class=\"wp-image-26729\" srcset=\"https:\/\/blogdorogeriogomes.com.br\/noticias\/wp-content\/uploads\/2022\/09\/Bolsonaro-e-Capit-o-Wagner.jpg 418w, https:\/\/blogdorogeriogomes.com.br\/noticias\/wp-content\/uploads\/2022\/09\/Bolsonaro-e-Capit-o-Wagner-300x225.jpg 300w, https:\/\/blogdorogeriogomes.com.br\/noticias\/wp-content\/uploads\/2022\/09\/Bolsonaro-e-Capit-o-Wagner-400x300.jpg 400w\" sizes=\"auto, (max-width: 418px) 100vw, 418px\" \/><\/figure>\n\n\n\n<figure class=\"wp-block-image size-full\"><img loading=\"lazy\" decoding=\"async\" width=\"418\" height=\"314\" src=\"https:\/\/blogdorogeriogomes.com.br\/wp-content\/uploads\/2022\/09\/Ciro-e-Roberto-Claudio.jpg\" alt=\"\" class=\"wp-image-26730\" srcset=\"https:\/\/blogdorogeriogomes.com.br\/noticias\/wp-content\/uploads\/2022\/09\/Ciro-e-Roberto-Claudio.jpg 418w, https:\/\/blogdorogeriogomes.com.br\/noticias\/wp-content\/uploads\/2022\/09\/Ciro-e-Roberto-Claudio-300x225.jpg 300w, https:\/\/blogdorogeriogomes.com.br\/noticias\/wp-content\/uploads\/2022\/09\/Ciro-e-Roberto-Claudio-400x300.jpg 400w\" sizes=\"auto, (max-width: 418px) 100vw, 418px\" \/><\/figure>\n","protected":false},"excerpt":{"rendered":"<p>A disputa para o Governo do Cear\u00e1 esquenta nas ruas a menos de um m\u00eas para o 1\u00b0 turno. E os presidenciaveis tamb\u00e9m podem ajudar no convencimento ao eleitor. Lula (PT), que ap\u00f3ia Elmano de Freitas (PT), promete vir mais uma vez ao Cear\u00e1 neste m\u00eas de setembro. O mesmo deve ocorrer com o presidente Jair Bolsonaro (PL), que ap\u00f3ia Capit\u00e3o Wagner (Uni\u00e3o Brasil). Bolsonaro tamb\u00e9m tem agenda prevista ainda este m\u00eas no estado. Roberto Cl\u00e1udio (PDT) tem a&hellip;<\/p>\n","protected":false},"author":1,"featured_media":26729,"comment_status":"open","ping_status":"open","sticky":false,"template":"","format":"standard","meta":{"footnotes":""},"categories":[1],"tags":[],"class_list":["post-26727","post","type-post","status-publish","format-standard","has-post-thumbnail","hentry","category-noticias"],"_links":{"self":[{"href":"https:\/\/blogdorogeriogomes.com.br\/noticias\/wp-json\/wp\/v2\/posts\/26727","targetHints":{"allow":["GET"]}}],"collection":[{"href":"https:\/\/blogdorogeriogomes.com.br\/noticias\/wp-json\/wp\/v2\/posts"}],"about":[{"href":"https:\/\/blogdorogeriogomes.com.br\/noticias\/wp-json\/wp\/v2\/types\/post"}],"author":[{"embeddable":true,"href":"https:\/\/blogdorogeriogomes.com.br\/noticias\/wp-json\/wp\/v2\/users\/1"}],"replies":[{"embeddable":true,"href":"https:\/\/blogdorogeriogomes.com.br\/noticias\/wp-json\/wp\/v2\/comments?post=26727"}],"version-history":[{"count":1,"href":"https:\/\/blogdorogeriogomes.com.br\/noticias\/wp-json\/wp\/v2\/posts\/26727\/revisions"}],"predecessor-version":[{"id":26731,"href":"https:\/\/blogdorogeriogomes.com.br\/noticias\/wp-json\/wp\/v2\/posts\/26727\/revisions\/26731"}],"wp:featuredmedia":[{"embeddable":true,"href":"https:\/\/blogdorogeriogomes.com.br\/noticias\/wp-json\/wp\/v2\/media\/26729"}],"wp:attachment":[{"href":"https:\/\/blogdorogeriogomes.com.br\/noticias\/wp-json\/wp\/v2\/media?parent=26727"}],"wp:term":[{"taxonomy":"category","embeddable":true,"href":"https:\/\/blogdorogeriogomes.com.br\/noticias\/wp-json\/wp\/v2\/categories?post=26727"},{"taxonomy":"post_tag","embeddable":true,"href":"https:\/\/blogdorogeriogomes.com.br\/noticias\/wp-json\/wp\/v2\/tags?post=26727"}],"curies":[{"name":"wp","href":"https:\/\/api.w.org\/{rel}","templated":true}]}}