{"id":26736,"date":"2022-09-07T19:36:28","date_gmt":"2022-09-07T19:36:28","guid":{"rendered":"https:\/\/blogdorogeriogomes.com.br\/?p=26736"},"modified":"2022-09-09T12:03:36","modified_gmt":"2022-09-09T12:03:36","slug":"bicentenario-da-independencia-se-transformou-em-campanha-politica-bolsonarista","status":"publish","type":"post","link":"https:\/\/blogdorogeriogomes.com.br\/noticias\/2022\/09\/bicentenario-da-independencia-se-transformou-em-campanha-politica-bolsonarista\/","title":{"rendered":"Bicenten\u00e1rio da Independ\u00eancia se transformou em campanha pol\u00edtica bolsonarista"},"content":{"rendered":"\n<p>A comemora\u00e7\u00e3o dos 200 anos da Independ\u00eancia do Brasil se transformou em propaganda eleitoral. O que se viu nas manifesta\u00e7\u00f5es por todo o Pa\u00eds foram muitos candidatos buscando convencer o eleitor a dar o seu voto no pr\u00f3ximo dia 2 de outubro.<\/p>\n\n\n\n<p>A come\u00e7ar pelo presidente da Rep\u00fablica, Jair Bolsonaro, que assistiu ao desfile c\u00edvico-militar em Bras\u00edlia e depois subiu num carro de som para falar aos apoiadores. Desta vez n\u00e3o criticou o STF e o sistema eleitoral, mas n\u00e3o perdeu a oportunidade de amea\u00e7ar o Pa\u00eds de golpe e ainda enalteceu a sua masculinidade, ao lado da primeira-dama Michelle Bolsonaro, puxando um coro de &#8220;imbrochavel, imbrochavel&#8221;.<\/p>\n\n\n\n<p>Vale ressaltar a aus\u00eancia no palanque dos presidentes do Senado, C\u00e2mara dos Deputados e do STF. Diante do isolamento, Bolsonaro preferiu apostar na presen\u00e7a de empres\u00e1rios e evang\u00e9licos aliados.<\/p>\n\n\n\n<p>Em Fortaleza, os bolsonaristas tamb\u00e9m foram \u00e0s ruas numa carreata do Aeroporto at\u00e9 a Pra\u00e7a Portugal. Oportunidade para muitos candidatos a cargos proporcionais pedirem voto durante as manifesta\u00e7\u00f5es de apoio ao presidente Bolsonaro.<\/p>\n\n\n\n<p>Em resumo, o Dia da Independ\u00eancia que \u00e9 refer\u00eancia hist\u00f3rica para os brasileiros, ficou resumido a muita campanha pol\u00edtica. Faz parte do clima at\u00e9 o primeiro turno das elei\u00e7\u00f5es at\u00e9 outubro.<\/p>\n\n\n\n<figure class=\"wp-block-image size-large\"><img loading=\"lazy\" decoding=\"async\" width=\"768\" height=\"1024\" src=\"https:\/\/blogdorogeriogomes.com.br\/wp-content\/uploads\/2022\/09\/IMG-20220907-WA0093-768x1024.jpg\" alt=\"\" class=\"wp-image-26737\" srcset=\"https:\/\/blogdorogeriogomes.com.br\/noticias\/wp-content\/uploads\/2022\/09\/IMG-20220907-WA0093-768x1024.jpg 768w, https:\/\/blogdorogeriogomes.com.br\/noticias\/wp-content\/uploads\/2022\/09\/IMG-20220907-WA0093-225x300.jpg 225w, https:\/\/blogdorogeriogomes.com.br\/noticias\/wp-content\/uploads\/2022\/09\/IMG-20220907-WA0093-1152x1536.jpg 1152w, https:\/\/blogdorogeriogomes.com.br\/noticias\/wp-content\/uploads\/2022\/09\/IMG-20220907-WA0093-800x1067.jpg 800w, https:\/\/blogdorogeriogomes.com.br\/noticias\/wp-content\/uploads\/2022\/09\/IMG-20220907-WA0093.jpg 1200w\" sizes=\"auto, (max-width: 768px) 100vw, 768px\" \/><\/figure>\n","protected":false},"excerpt":{"rendered":"<p>A comemora\u00e7\u00e3o dos 200 anos da Independ\u00eancia do Brasil se transformou em propaganda eleitoral. O que se viu nas manifesta\u00e7\u00f5es por todo o Pa\u00eds foram muitos candidatos buscando convencer o eleitor a dar o seu voto no pr\u00f3ximo dia 2 de outubro. A come\u00e7ar pelo presidente da Rep\u00fablica, Jair Bolsonaro, que assistiu ao desfile c\u00edvico-militar em Bras\u00edlia e depois subiu num carro de som para falar aos apoiadores. Desta vez n\u00e3o criticou o STF e o sistema eleitoral, mas&hellip;<\/p>\n","protected":false},"author":1,"featured_media":26737,"comment_status":"open","ping_status":"open","sticky":false,"template":"","format":"standard","meta":{"footnotes":""},"categories":[1],"tags":[],"class_list":["post-26736","post","type-post","status-publish","format-standard","has-post-thumbnail","hentry","category-noticias"],"_links":{"self":[{"href":"https:\/\/blogdorogeriogomes.com.br\/noticias\/wp-json\/wp\/v2\/posts\/26736","targetHints":{"allow":["GET"]}}],"collection":[{"href":"https:\/\/blogdorogeriogomes.com.br\/noticias\/wp-json\/wp\/v2\/posts"}],"about":[{"href":"https:\/\/blogdorogeriogomes.com.br\/noticias\/wp-json\/wp\/v2\/types\/post"}],"author":[{"embeddable":true,"href":"https:\/\/blogdorogeriogomes.com.br\/noticias\/wp-json\/wp\/v2\/users\/1"}],"replies":[{"embeddable":true,"href":"https:\/\/blogdorogeriogomes.com.br\/noticias\/wp-json\/wp\/v2\/comments?post=26736"}],"version-history":[{"count":1,"href":"https:\/\/blogdorogeriogomes.com.br\/noticias\/wp-json\/wp\/v2\/posts\/26736\/revisions"}],"predecessor-version":[{"id":26738,"href":"https:\/\/blogdorogeriogomes.com.br\/noticias\/wp-json\/wp\/v2\/posts\/26736\/revisions\/26738"}],"wp:featuredmedia":[{"embeddable":true,"href":"https:\/\/blogdorogeriogomes.com.br\/noticias\/wp-json\/wp\/v2\/media\/26737"}],"wp:attachment":[{"href":"https:\/\/blogdorogeriogomes.com.br\/noticias\/wp-json\/wp\/v2\/media?parent=26736"}],"wp:term":[{"taxonomy":"category","embeddable":true,"href":"https:\/\/blogdorogeriogomes.com.br\/noticias\/wp-json\/wp\/v2\/categories?post=26736"},{"taxonomy":"post_tag","embeddable":true,"href":"https:\/\/blogdorogeriogomes.com.br\/noticias\/wp-json\/wp\/v2\/tags?post=26736"}],"curies":[{"name":"wp","href":"https:\/\/api.w.org\/{rel}","templated":true}]}}