{"id":26739,"date":"2022-09-08T11:40:55","date_gmt":"2022-09-08T11:40:55","guid":{"rendered":"https:\/\/blogdorogeriogomes.com.br\/?p=26739"},"modified":"2022-09-09T12:03:22","modified_gmt":"2022-09-09T12:03:22","slug":"troca-de-farpas-entre-izolda-cela-e-roberto-claudio-gera-reacao-de-aliados-vitor-valim-ivo-gomes-e-camilo-santana-se-solidarizam-com-governadora","status":"publish","type":"post","link":"https:\/\/blogdorogeriogomes.com.br\/noticias\/2022\/09\/troca-de-farpas-entre-izolda-cela-e-roberto-claudio-gera-reacao-de-aliados-vitor-valim-ivo-gomes-e-camilo-santana-se-solidarizam-com-governadora\/","title":{"rendered":"Troca de farpas entre Izolda Cela e Roberto Cl\u00e1udio gera rea\u00e7\u00e3o de aliados. Vitor Valim, Ivo Gomes e Camilo Santana se solidarizam com governadora"},"content":{"rendered":"\n<p>A quarta-feira, dia 7 de setembro, foi de troca de farpas pelas redes sociais entre a governadora Izolda Cela e o candidato do PDT ao Governo do Cear\u00e1, Roberto Cl\u00e1udio. Izolda se pronunciou ap\u00f3s sofrer acusa\u00e7\u00f5es de que sua gest\u00e3o tem cooptado prefeitos no per\u00edodo eleitoral. A governadora disse: &#8220;S\u00e3o tamb\u00e9m covardes e irrespons\u00e1veis, na medida em que desvirtuam os fatos e exp\u00f5em a imagem do nosso Estado e de quem trabalha s\u00e9rio para seu desenvolvimento&#8221;.<\/p>\n\n\n\n<p>A resposta de Roberto Cl\u00e1udio foi de que &#8220;a governadora n\u00e3o tem que se justificar para mim, tampouco me atacar. Ela, juntamente com os seus candidatos, Elmano e Camilo, t\u00eam que se defender mesmo \u00e9 perante a justi\u00e7a e se explicar, de fato, ao povo do Cear\u00e1&#8221;.<\/p>\n\n\n\n<p>Aliados da governadora Izolda Cela sa\u00edram em sua defesa. O ex-governador Camilo Santana (PT) avaliou que Izolda foi atacada por RC de forma injusta e oportunista. &#8220;Minha solidariedade \u00e0 querida governadora Izolda Cela, atacada de forma injusta e oportunista. \u00c9 preciso mais respeito na pol\u00edtica&#8221;.<\/p>\n\n\n\n<p>Os prefeitos de Sobral e Caucaia tamb\u00e9m entraram na briga em favor de Izolda Cela. &#8220;Estou indignado com a atitude absurda de Roberto Claudio e do PDT, que tentam gerar o caos e criar confus\u00e3o financeira, questionando na justi\u00e7a os repasses dos conv\u00eanios firmados com os munic\u00edpios do Cear\u00e1. Repudio veementemente as acusa\u00e7\u00f5es levianas contra a nossa governadora Izolda Cela, que vem conduzindo nosso estado com \u00e9tica e grande esp\u00edrito p\u00fablico, sempre defendendo os interesses do povo do Cear\u00e1&#8221;, destacou Vitor Valim, prefeito de Caucaia.<\/p>\n\n\n\n<p>Ivo Gomes, prefeito de Sobral, tamb\u00e9m defendeu a governadora Izolda Cela. &#8220;Minha solidariedade diante dos ataques covardes e infundados daqueles que perderam limite na obsess\u00e3o pelo poder. \u00c0 repulsiva moda Bolsonaro, inventam mentiras e passam a repeti-las na tentativa in\u00fatil de as transformar em verdades e com isso enganarem as pessoas. N\u00e3o passar\u00e3o&#8221;.<\/p>\n\n\n\n<p>Diante dos ataques de Roberto Cl\u00e1udio, n\u00e3o ser\u00e1 de se estranhar se a governadora Izolda Cela, que deixou o PDT, n\u00e3o subir no palanque do petista Elmano de Freitas ainda no 1\u00b0 turno.<\/p>\n\n\n\n<figure class=\"wp-block-image size-full\"><img loading=\"lazy\" decoding=\"async\" width=\"984\" height=\"657\" src=\"https:\/\/blogdorogeriogomes.com.br\/wp-content\/uploads\/2022\/09\/izolda-e-roberto-claudio.jpg\" alt=\"\" class=\"wp-image-26740\" srcset=\"https:\/\/blogdorogeriogomes.com.br\/noticias\/wp-content\/uploads\/2022\/09\/izolda-e-roberto-claudio.jpg 984w, https:\/\/blogdorogeriogomes.com.br\/noticias\/wp-content\/uploads\/2022\/09\/izolda-e-roberto-claudio-300x200.jpg 300w, https:\/\/blogdorogeriogomes.com.br\/noticias\/wp-content\/uploads\/2022\/09\/izolda-e-roberto-claudio-768x513.jpg 768w, https:\/\/blogdorogeriogomes.com.br\/noticias\/wp-content\/uploads\/2022\/09\/izolda-e-roberto-claudio-800x534.jpg 800w\" sizes=\"auto, (max-width: 984px) 100vw, 984px\" \/><\/figure>\n\n\n\n<p>  <\/p>\n","protected":false},"excerpt":{"rendered":"<p>A quarta-feira, dia 7 de setembro, foi de troca de farpas pelas redes sociais entre a governadora Izolda Cela e o candidato do PDT ao Governo do Cear\u00e1, Roberto Cl\u00e1udio. Izolda se pronunciou ap\u00f3s sofrer acusa\u00e7\u00f5es de que sua gest\u00e3o tem cooptado prefeitos no per\u00edodo eleitoral. A governadora disse: &#8220;S\u00e3o tamb\u00e9m covardes e irrespons\u00e1veis, na medida em que desvirtuam os fatos e exp\u00f5em a imagem do nosso Estado e de quem trabalha s\u00e9rio para seu desenvolvimento&#8221;. A resposta de&hellip;<\/p>\n","protected":false},"author":1,"featured_media":26740,"comment_status":"open","ping_status":"open","sticky":false,"template":"","format":"standard","meta":{"footnotes":""},"categories":[1],"tags":[],"class_list":["post-26739","post","type-post","status-publish","format-standard","has-post-thumbnail","hentry","category-noticias"],"_links":{"self":[{"href":"https:\/\/blogdorogeriogomes.com.br\/noticias\/wp-json\/wp\/v2\/posts\/26739","targetHints":{"allow":["GET"]}}],"collection":[{"href":"https:\/\/blogdorogeriogomes.com.br\/noticias\/wp-json\/wp\/v2\/posts"}],"about":[{"href":"https:\/\/blogdorogeriogomes.com.br\/noticias\/wp-json\/wp\/v2\/types\/post"}],"author":[{"embeddable":true,"href":"https:\/\/blogdorogeriogomes.com.br\/noticias\/wp-json\/wp\/v2\/users\/1"}],"replies":[{"embeddable":true,"href":"https:\/\/blogdorogeriogomes.com.br\/noticias\/wp-json\/wp\/v2\/comments?post=26739"}],"version-history":[{"count":1,"href":"https:\/\/blogdorogeriogomes.com.br\/noticias\/wp-json\/wp\/v2\/posts\/26739\/revisions"}],"predecessor-version":[{"id":26741,"href":"https:\/\/blogdorogeriogomes.com.br\/noticias\/wp-json\/wp\/v2\/posts\/26739\/revisions\/26741"}],"wp:featuredmedia":[{"embeddable":true,"href":"https:\/\/blogdorogeriogomes.com.br\/noticias\/wp-json\/wp\/v2\/media\/26740"}],"wp:attachment":[{"href":"https:\/\/blogdorogeriogomes.com.br\/noticias\/wp-json\/wp\/v2\/media?parent=26739"}],"wp:term":[{"taxonomy":"category","embeddable":true,"href":"https:\/\/blogdorogeriogomes.com.br\/noticias\/wp-json\/wp\/v2\/categories?post=26739"},{"taxonomy":"post_tag","embeddable":true,"href":"https:\/\/blogdorogeriogomes.com.br\/noticias\/wp-json\/wp\/v2\/tags?post=26739"}],"curies":[{"name":"wp","href":"https:\/\/api.w.org\/{rel}","templated":true}]}}