{"id":26743,"date":"2022-09-08T12:16:41","date_gmt":"2022-09-08T12:16:41","guid":{"rendered":"https:\/\/blogdorogeriogomes.com.br\/?p=26743"},"modified":"2022-09-09T12:03:07","modified_gmt":"2022-09-09T12:03:07","slug":"cinco-partidos-prometem-acionar-bolsonaro-no-tse-por-campanha-eleitoral-no-7-de-setembro","status":"publish","type":"post","link":"https:\/\/blogdorogeriogomes.com.br\/noticias\/2022\/09\/cinco-partidos-prometem-acionar-bolsonaro-no-tse-por-campanha-eleitoral-no-7-de-setembro\/","title":{"rendered":"Cinco partidos prometem acionar Bolsonaro no TSE por campanha eleitoral no 7 de Setembro"},"content":{"rendered":"\n<p>Cinco&nbsp;partidos anunciaram que&nbsp;v\u00e3o ingressar com a\u00e7\u00f5es na Justi\u00e7a Eleitoral contra o presidente Jair Bolsonaro (PL) ap\u00f3s os atos pol\u00edticos alusivos ao feriado da Independ\u00eancia registrados nesta quarta-feira, dia 7 de setembro. PSOL, PT, PDT, Rede e Uni\u00e3o Brasil&nbsp;prometeram denunciar o presidente no Tribunal Superior Eleitoral (TSE)&nbsp;por abuso de poder econ\u00f4mico e pol\u00edtico.<\/p>\n\n\n\n<p>Os partidos alegam que Bolsonaro, candidato \u00e0 reelei\u00e7\u00e3o, transformou os atos em comemora\u00e7\u00e3o \u00e0 Independ\u00eancia do Pa\u00eds,&nbsp;financiados com dinheiro p\u00fablico, em eventos de campanha.&nbsp;<\/p>\n\n\n\n<p><br>Em Fortaleza, o deputado estadual bolsonarista&nbsp;Delegado Cavalcante (PL), que \u00e9 candidato \u00e0 C\u00e2mara Federal,  amea\u00e7ou apelar \u00e0 viol\u00eancia caso o presidente Jair Bolsonaro n\u00e3o seja reeleito em outubro. &#8220;Se a gente n\u00e3o ganhar nas urnas, n\u00f3s vamos ganhar na bala&#8221;. Ainda na noite de ontem, o Tribunal Regional Eleitoral (TRE) emitiu nota cr\u00edtica a fala do parlamentar. A Justi\u00e7a Eleitoral diz n\u00e3o se poss\u00edvel fazer campanha eleitoral que &#8220;estimule a viol\u00eancia&#8221;.<\/p>\n\n\n\n<figure class=\"wp-block-image size-full\"><img loading=\"lazy\" decoding=\"async\" width=\"768\" height=\"512\" src=\"https:\/\/blogdorogeriogomes.com.br\/wp-content\/uploads\/2022\/09\/1662583457631902a16e6a9_1662583457_3x2_md.jpg\" alt=\"\" class=\"wp-image-26744\" srcset=\"https:\/\/blogdorogeriogomes.com.br\/noticias\/wp-content\/uploads\/2022\/09\/1662583457631902a16e6a9_1662583457_3x2_md.jpg 768w, https:\/\/blogdorogeriogomes.com.br\/noticias\/wp-content\/uploads\/2022\/09\/1662583457631902a16e6a9_1662583457_3x2_md-300x200.jpg 300w\" sizes=\"auto, (max-width: 768px) 100vw, 768px\" \/><\/figure>\n\n\n\n<p><\/p>\n","protected":false},"excerpt":{"rendered":"<p>Cinco&nbsp;partidos anunciaram que&nbsp;v\u00e3o ingressar com a\u00e7\u00f5es na Justi\u00e7a Eleitoral contra o presidente Jair Bolsonaro (PL) ap\u00f3s os atos pol\u00edticos alusivos ao feriado da Independ\u00eancia registrados nesta quarta-feira, dia 7 de setembro. PSOL, PT, PDT, Rede e Uni\u00e3o Brasil&nbsp;prometeram denunciar o presidente no Tribunal Superior Eleitoral (TSE)&nbsp;por abuso de poder econ\u00f4mico e pol\u00edtico. Os partidos alegam que Bolsonaro, candidato \u00e0 reelei\u00e7\u00e3o, transformou os atos em comemora\u00e7\u00e3o \u00e0 Independ\u00eancia do Pa\u00eds,&nbsp;financiados com dinheiro p\u00fablico, em eventos de campanha.&nbsp; Em Fortaleza, o&hellip;<\/p>\n","protected":false},"author":1,"featured_media":26744,"comment_status":"open","ping_status":"open","sticky":false,"template":"","format":"standard","meta":{"footnotes":""},"categories":[1],"tags":[],"class_list":["post-26743","post","type-post","status-publish","format-standard","has-post-thumbnail","hentry","category-noticias"],"_links":{"self":[{"href":"https:\/\/blogdorogeriogomes.com.br\/noticias\/wp-json\/wp\/v2\/posts\/26743","targetHints":{"allow":["GET"]}}],"collection":[{"href":"https:\/\/blogdorogeriogomes.com.br\/noticias\/wp-json\/wp\/v2\/posts"}],"about":[{"href":"https:\/\/blogdorogeriogomes.com.br\/noticias\/wp-json\/wp\/v2\/types\/post"}],"author":[{"embeddable":true,"href":"https:\/\/blogdorogeriogomes.com.br\/noticias\/wp-json\/wp\/v2\/users\/1"}],"replies":[{"embeddable":true,"href":"https:\/\/blogdorogeriogomes.com.br\/noticias\/wp-json\/wp\/v2\/comments?post=26743"}],"version-history":[{"count":2,"href":"https:\/\/blogdorogeriogomes.com.br\/noticias\/wp-json\/wp\/v2\/posts\/26743\/revisions"}],"predecessor-version":[{"id":26766,"href":"https:\/\/blogdorogeriogomes.com.br\/noticias\/wp-json\/wp\/v2\/posts\/26743\/revisions\/26766"}],"wp:featuredmedia":[{"embeddable":true,"href":"https:\/\/blogdorogeriogomes.com.br\/noticias\/wp-json\/wp\/v2\/media\/26744"}],"wp:attachment":[{"href":"https:\/\/blogdorogeriogomes.com.br\/noticias\/wp-json\/wp\/v2\/media?parent=26743"}],"wp:term":[{"taxonomy":"category","embeddable":true,"href":"https:\/\/blogdorogeriogomes.com.br\/noticias\/wp-json\/wp\/v2\/categories?post=26743"},{"taxonomy":"post_tag","embeddable":true,"href":"https:\/\/blogdorogeriogomes.com.br\/noticias\/wp-json\/wp\/v2\/tags?post=26743"}],"curies":[{"name":"wp","href":"https:\/\/api.w.org\/{rel}","templated":true}]}}