{"id":26746,"date":"2022-09-08T23:28:51","date_gmt":"2022-09-08T23:28:51","guid":{"rendered":"https:\/\/blogdorogeriogomes.com.br\/?p=26746"},"modified":"2022-09-09T12:02:54","modified_gmt":"2022-09-09T12:02:54","slug":"justica-revoga-decisao-sobre-retirada-de-material-de-exposicao-com-criticas-a-bolsonaro-em-quixeramobim","status":"publish","type":"post","link":"https:\/\/blogdorogeriogomes.com.br\/noticias\/2022\/09\/justica-revoga-decisao-sobre-retirada-de-material-de-exposicao-com-criticas-a-bolsonaro-em-quixeramobim\/","title":{"rendered":"Justi\u00e7a revoga decis\u00e3o sobre retirada de material de exposi\u00e7\u00e3o com cr\u00edticas a Bolsonaro em Quixeramobim"},"content":{"rendered":"\n<p>A Justi\u00e7a Eleitoral revogou nesta quinta-feira, dia 8 de setembro, a decis\u00e3o de&nbsp;retirar parte do material da&nbsp;&#8220;Exposi\u00e7\u00e3o Tramas de Belo Monte&#8221;, em exibi\u00e7\u00e3o na&nbsp;Casa Ant\u00f4nio Conselheiro, em&nbsp;Quixeramobim, no Sert\u00e3o Central. A revis\u00e3o da decis\u00e3o foi feita pelo juiz Rogaciano Bezerra Leite Neto, mesmo magistrado que mais cedo havia apontado que a exposi\u00e7\u00e3o se configurava propaganda eleitoral negativa contra Jair Bolsonaro, candidato na elei\u00e7\u00e3o presidencial.<\/p>\n\n\n\n<p>No documento consta ainda o argumento de que a exposi\u00e7\u00e3o Tramas de Belo Monte foi concebida em fevereiro de 2020, antes da deflagra\u00e7\u00e3o da pandemia de Covid-19 e de qualquer campanha eleitoral.<\/p>\n\n\n\n<p>&#8220;Este Ju\u00edzo foi induzido em erro pela forma como as fotografias lhe foram mostradas no contexto integral da exposi\u00e7\u00e3o realizada na Casa de Ant\u00f4nio Conselheiro. Nesse sentido, revogo despacho anterior e determino imediatamente a retirada de qualquer restri\u00e7\u00e3o \u00e0s fotografias expostas na Casa de Ant\u00f4nio Conselheiro&#8221;, disse o despacho do juiz. <\/p>\n\n\n\n<figure class=\"wp-block-image size-full\"><img loading=\"lazy\" decoding=\"async\" width=\"984\" height=\"737\" src=\"https:\/\/blogdorogeriogomes.com.br\/wp-content\/uploads\/2022\/09\/arte-amor-1.jpeg\" alt=\"\" class=\"wp-image-26747\" srcset=\"https:\/\/blogdorogeriogomes.com.br\/noticias\/wp-content\/uploads\/2022\/09\/arte-amor-1.jpeg 984w, https:\/\/blogdorogeriogomes.com.br\/noticias\/wp-content\/uploads\/2022\/09\/arte-amor-1-300x225.jpeg 300w, https:\/\/blogdorogeriogomes.com.br\/noticias\/wp-content\/uploads\/2022\/09\/arte-amor-1-768x575.jpeg 768w, https:\/\/blogdorogeriogomes.com.br\/noticias\/wp-content\/uploads\/2022\/09\/arte-amor-1-800x599.jpeg 800w, https:\/\/blogdorogeriogomes.com.br\/noticias\/wp-content\/uploads\/2022\/09\/arte-amor-1-400x300.jpeg 400w\" sizes=\"auto, (max-width: 984px) 100vw, 984px\" \/><\/figure>\n","protected":false},"excerpt":{"rendered":"<p>A Justi\u00e7a Eleitoral revogou nesta quinta-feira, dia 8 de setembro, a decis\u00e3o de&nbsp;retirar parte do material da&nbsp;&#8220;Exposi\u00e7\u00e3o Tramas de Belo Monte&#8221;, em exibi\u00e7\u00e3o na&nbsp;Casa Ant\u00f4nio Conselheiro, em&nbsp;Quixeramobim, no Sert\u00e3o Central. A revis\u00e3o da decis\u00e3o foi feita pelo juiz Rogaciano Bezerra Leite Neto, mesmo magistrado que mais cedo havia apontado que a exposi\u00e7\u00e3o se configurava propaganda eleitoral negativa contra Jair Bolsonaro, candidato na elei\u00e7\u00e3o presidencial. No documento consta ainda o argumento de que a exposi\u00e7\u00e3o Tramas de Belo Monte foi&hellip;<\/p>\n","protected":false},"author":1,"featured_media":26747,"comment_status":"open","ping_status":"open","sticky":false,"template":"","format":"standard","meta":{"footnotes":""},"categories":[1],"tags":[],"class_list":["post-26746","post","type-post","status-publish","format-standard","has-post-thumbnail","hentry","category-noticias"],"_links":{"self":[{"href":"https:\/\/blogdorogeriogomes.com.br\/noticias\/wp-json\/wp\/v2\/posts\/26746","targetHints":{"allow":["GET"]}}],"collection":[{"href":"https:\/\/blogdorogeriogomes.com.br\/noticias\/wp-json\/wp\/v2\/posts"}],"about":[{"href":"https:\/\/blogdorogeriogomes.com.br\/noticias\/wp-json\/wp\/v2\/types\/post"}],"author":[{"embeddable":true,"href":"https:\/\/blogdorogeriogomes.com.br\/noticias\/wp-json\/wp\/v2\/users\/1"}],"replies":[{"embeddable":true,"href":"https:\/\/blogdorogeriogomes.com.br\/noticias\/wp-json\/wp\/v2\/comments?post=26746"}],"version-history":[{"count":2,"href":"https:\/\/blogdorogeriogomes.com.br\/noticias\/wp-json\/wp\/v2\/posts\/26746\/revisions"}],"predecessor-version":[{"id":26765,"href":"https:\/\/blogdorogeriogomes.com.br\/noticias\/wp-json\/wp\/v2\/posts\/26746\/revisions\/26765"}],"wp:featuredmedia":[{"embeddable":true,"href":"https:\/\/blogdorogeriogomes.com.br\/noticias\/wp-json\/wp\/v2\/media\/26747"}],"wp:attachment":[{"href":"https:\/\/blogdorogeriogomes.com.br\/noticias\/wp-json\/wp\/v2\/media?parent=26746"}],"wp:term":[{"taxonomy":"category","embeddable":true,"href":"https:\/\/blogdorogeriogomes.com.br\/noticias\/wp-json\/wp\/v2\/categories?post=26746"},{"taxonomy":"post_tag","embeddable":true,"href":"https:\/\/blogdorogeriogomes.com.br\/noticias\/wp-json\/wp\/v2\/tags?post=26746"}],"curies":[{"name":"wp","href":"https:\/\/api.w.org\/{rel}","templated":true}]}}