{"id":26749,"date":"2022-09-08T23:56:56","date_gmt":"2022-09-08T23:56:56","guid":{"rendered":"https:\/\/blogdorogeriogomes.com.br\/?p=26749"},"modified":"2022-09-09T12:02:26","modified_gmt":"2022-09-09T12:02:26","slug":"empresario-julinho-ventura-toma-posse-no-senado-durante-licenca-de-cid-gomes","status":"publish","type":"post","link":"https:\/\/blogdorogeriogomes.com.br\/noticias\/2022\/09\/empresario-julinho-ventura-toma-posse-no-senado-durante-licenca-de-cid-gomes\/","title":{"rendered":"Empres\u00e1rio Julinho Ventura toma posse no Senado durante licen\u00e7a de Cid Gomes"},"content":{"rendered":"\n<p>O empres\u00e1rio cearense Julinho Ventura assumiu o mandato de senador, em Bras\u00edlia, diante da licen\u00e7a do senador Cid Gomes (PDT). A solenidade de posse aconteceu nesta quinta-feira, dia 8 de setembro, no gabinete do presidente do Senado Federal, Rodrigo Pacheco.<\/p>\n\n\n\n<p>A posse de Julinho Ventura foi prestigiada pela governadora do Cear\u00e1, Izolda Cela. &#8220;Desejo um bom trabalho ao Senador J\u00falio Ventura nessa miss\u00e3o. Que ele siga honrando o Cear\u00e1 na defesa do nosso povo e da democracia brasileira. Agrade\u00e7o ao Presidente Rodrigo Pacheco a cordial receptividade&#8221;, disse a governadora.<\/p>\n\n\n\n<p>O senador Cid Gomes entrou de licen\u00e7a do Senado para se dedicar \u00e0 campanha do irm\u00e3o Ciro Gomes (PDT), que concorre pela quarta vez \u00e0 Presid\u00eancia da Rep\u00fablica.<\/p>\n\n\n\n<figure class=\"wp-block-image size-large\"><img loading=\"lazy\" decoding=\"async\" width=\"1024\" height=\"770\" src=\"https:\/\/blogdorogeriogomes.com.br\/wp-content\/uploads\/2022\/09\/IMG-20220908-WA0185-1024x770.jpg\" alt=\"\" class=\"wp-image-26750\" srcset=\"https:\/\/blogdorogeriogomes.com.br\/noticias\/wp-content\/uploads\/2022\/09\/IMG-20220908-WA0185-1024x770.jpg 1024w, https:\/\/blogdorogeriogomes.com.br\/noticias\/wp-content\/uploads\/2022\/09\/IMG-20220908-WA0185-300x226.jpg 300w, https:\/\/blogdorogeriogomes.com.br\/noticias\/wp-content\/uploads\/2022\/09\/IMG-20220908-WA0185-768x577.jpg 768w, https:\/\/blogdorogeriogomes.com.br\/noticias\/wp-content\/uploads\/2022\/09\/IMG-20220908-WA0185-800x601.jpg 800w, https:\/\/blogdorogeriogomes.com.br\/noticias\/wp-content\/uploads\/2022\/09\/IMG-20220908-WA0185-400x300.jpg 400w, https:\/\/blogdorogeriogomes.com.br\/noticias\/wp-content\/uploads\/2022\/09\/IMG-20220908-WA0185.jpg 1080w\" sizes=\"auto, (max-width: 1024px) 100vw, 1024px\" \/><\/figure>\n","protected":false},"excerpt":{"rendered":"<p>O empres\u00e1rio cearense Julinho Ventura assumiu o mandato de senador, em Bras\u00edlia, diante da licen\u00e7a do senador Cid Gomes (PDT). A solenidade de posse aconteceu nesta quinta-feira, dia 8 de setembro, no gabinete do presidente do Senado Federal, Rodrigo Pacheco. A posse de Julinho Ventura foi prestigiada pela governadora do Cear\u00e1, Izolda Cela. &#8220;Desejo um bom trabalho ao Senador J\u00falio Ventura nessa miss\u00e3o. Que ele siga honrando o Cear\u00e1 na defesa do nosso povo e da democracia brasileira. Agrade\u00e7o&hellip;<\/p>\n","protected":false},"author":1,"featured_media":26750,"comment_status":"open","ping_status":"open","sticky":false,"template":"","format":"standard","meta":{"footnotes":""},"categories":[1],"tags":[],"class_list":["post-26749","post","type-post","status-publish","format-standard","has-post-thumbnail","hentry","category-noticias"],"_links":{"self":[{"href":"https:\/\/blogdorogeriogomes.com.br\/noticias\/wp-json\/wp\/v2\/posts\/26749","targetHints":{"allow":["GET"]}}],"collection":[{"href":"https:\/\/blogdorogeriogomes.com.br\/noticias\/wp-json\/wp\/v2\/posts"}],"about":[{"href":"https:\/\/blogdorogeriogomes.com.br\/noticias\/wp-json\/wp\/v2\/types\/post"}],"author":[{"embeddable":true,"href":"https:\/\/blogdorogeriogomes.com.br\/noticias\/wp-json\/wp\/v2\/users\/1"}],"replies":[{"embeddable":true,"href":"https:\/\/blogdorogeriogomes.com.br\/noticias\/wp-json\/wp\/v2\/comments?post=26749"}],"version-history":[{"count":1,"href":"https:\/\/blogdorogeriogomes.com.br\/noticias\/wp-json\/wp\/v2\/posts\/26749\/revisions"}],"predecessor-version":[{"id":26751,"href":"https:\/\/blogdorogeriogomes.com.br\/noticias\/wp-json\/wp\/v2\/posts\/26749\/revisions\/26751"}],"wp:featuredmedia":[{"embeddable":true,"href":"https:\/\/blogdorogeriogomes.com.br\/noticias\/wp-json\/wp\/v2\/media\/26750"}],"wp:attachment":[{"href":"https:\/\/blogdorogeriogomes.com.br\/noticias\/wp-json\/wp\/v2\/media?parent=26749"}],"wp:term":[{"taxonomy":"category","embeddable":true,"href":"https:\/\/blogdorogeriogomes.com.br\/noticias\/wp-json\/wp\/v2\/categories?post=26749"},{"taxonomy":"post_tag","embeddable":true,"href":"https:\/\/blogdorogeriogomes.com.br\/noticias\/wp-json\/wp\/v2\/tags?post=26749"}],"curies":[{"name":"wp","href":"https:\/\/api.w.org\/{rel}","templated":true}]}}