{"id":26752,"date":"2022-09-09T10:21:39","date_gmt":"2022-09-09T10:21:39","guid":{"rendered":"https:\/\/blogdorogeriogomes.com.br\/?p=26752"},"modified":"2022-09-09T12:02:09","modified_gmt":"2022-09-09T12:02:09","slug":"tre-e-ministerio-publico-sao-acionados-por-adelita-monteiro-para-investigar-delegado-cavalcante-que-ameacou-ganhar-as-eleicoes-na-bala","status":"publish","type":"post","link":"https:\/\/blogdorogeriogomes.com.br\/noticias\/2022\/09\/tre-e-ministerio-publico-sao-acionados-por-adelita-monteiro-para-investigar-delegado-cavalcante-que-ameacou-ganhar-as-eleicoes-na-bala\/","title":{"rendered":"TRE e Minist\u00e9rio P\u00fablico s\u00e3o acionados por Adelita Monteiro para investigar Delegado Cavalcante que amea\u00e7ou ganhar as elei\u00e7\u00f5es &#8220;na bala&#8221;"},"content":{"rendered":"\n<p>A candidata a deputada federal Adelita Monteiro, da Federa\u00e7\u00e3o PSOL\/REDE, protocolou, nesta quinta-feira, dia 8 de setembro, duas a\u00e7\u00f5es p\u00fablicas pedindo investiga\u00e7\u00e3o sobre o deputado estadual Delegado Cavalcante do Partido Liberal (PL), pelas amea\u00e7as proferidas durante evento p\u00fablico no 7 de Setembro, na Pra\u00e7a Portugal, em Fortaleza. \u201cSe a gente n\u00e3o ganhar nas urnas, se eles roubarem nas urnas, n\u00f3s vamos ganhar na bala. N\u00e3o tem nem por onde, n\u00f3s<br>vamos ganhar na bala&#8221;, declarou o parlamentar se referindo \u00e0 possibilidade de vit\u00f3ria do ex-presidente Lula (PT) na disputa contra Jair Bolsonaro (PL).<\/p>\n\n\n\n<p>Os pedidos de investiga\u00e7\u00e3o foram protocolados junto ao Minist\u00e9rio P\u00fablico do Cear\u00e1 pedindo a abertura imediata de apura\u00e7\u00e3o para investigar os crimes de incita\u00e7\u00e3o a viol\u00eancia; aboli\u00e7\u00e3o violenta do Estado Democr\u00e1tico de Direito; golpe de Estado e interrup\u00e7\u00e3o do processo eleitoral. A segunda a\u00e7\u00e3o foi protocolada junto ao Tribunal Regional Eleitoral (TRE-CE), para retirar imediatamente das redes do deputado o conte\u00fado que incita ao \u00f3dio e atenta contra o resultado das urnas, nas elei\u00e7\u00f5es do pr\u00f3ximo 2 de outubro. Junto \u00e0 a\u00e7\u00e3o no TRE-CE \u00e9 pedida, ainda, a aplica\u00e7\u00e3o de multa no valor de R$ 25.000,00 em caso de reincid\u00eancia.<\/p>\n\n\n\n<p>&#8220;Atentar contra a democracia \u00e9 crime. Atentar contra a vida das pessoas e amea\u00e7ar a vida das pessoas \u00e9 crime. Incitar a viol\u00eancia \u00e9 crime. E n\u00f3s n\u00e3o aceitaremos esse tipo de atitude.&#8221; Afirma Adelita Monteiro (PSOL).<\/p>\n\n\n\n<figure class=\"wp-block-image size-large\"><img loading=\"lazy\" decoding=\"async\" width=\"1024\" height=\"576\" src=\"https:\/\/blogdorogeriogomes.com.br\/wp-content\/uploads\/2022\/09\/IMG-20220908-WA0186-1024x576.jpg\" alt=\"\" class=\"wp-image-26753\" srcset=\"https:\/\/blogdorogeriogomes.com.br\/noticias\/wp-content\/uploads\/2022\/09\/IMG-20220908-WA0186-1024x576.jpg 1024w, https:\/\/blogdorogeriogomes.com.br\/noticias\/wp-content\/uploads\/2022\/09\/IMG-20220908-WA0186-300x169.jpg 300w, https:\/\/blogdorogeriogomes.com.br\/noticias\/wp-content\/uploads\/2022\/09\/IMG-20220908-WA0186-768x432.jpg 768w, https:\/\/blogdorogeriogomes.com.br\/noticias\/wp-content\/uploads\/2022\/09\/IMG-20220908-WA0186-1536x864.jpg 1536w, https:\/\/blogdorogeriogomes.com.br\/noticias\/wp-content\/uploads\/2022\/09\/IMG-20220908-WA0186-800x450.jpg 800w, https:\/\/blogdorogeriogomes.com.br\/noticias\/wp-content\/uploads\/2022\/09\/IMG-20220908-WA0186.jpg 1600w\" sizes=\"auto, (max-width: 1024px) 100vw, 1024px\" \/><\/figure>\n","protected":false},"excerpt":{"rendered":"<p>A candidata a deputada federal Adelita Monteiro, da Federa\u00e7\u00e3o PSOL\/REDE, protocolou, nesta quinta-feira, dia 8 de setembro, duas a\u00e7\u00f5es p\u00fablicas pedindo investiga\u00e7\u00e3o sobre o deputado estadual Delegado Cavalcante do Partido Liberal (PL), pelas amea\u00e7as proferidas durante evento p\u00fablico no 7 de Setembro, na Pra\u00e7a Portugal, em Fortaleza. \u201cSe a gente n\u00e3o ganhar nas urnas, se eles roubarem nas urnas, n\u00f3s vamos ganhar na bala. N\u00e3o tem nem por onde, n\u00f3svamos ganhar na bala&#8221;, declarou o parlamentar se referindo \u00e0&hellip;<\/p>\n","protected":false},"author":1,"featured_media":26753,"comment_status":"open","ping_status":"open","sticky":false,"template":"","format":"standard","meta":{"footnotes":""},"categories":[1],"tags":[],"class_list":["post-26752","post","type-post","status-publish","format-standard","has-post-thumbnail","hentry","category-noticias"],"_links":{"self":[{"href":"https:\/\/blogdorogeriogomes.com.br\/noticias\/wp-json\/wp\/v2\/posts\/26752","targetHints":{"allow":["GET"]}}],"collection":[{"href":"https:\/\/blogdorogeriogomes.com.br\/noticias\/wp-json\/wp\/v2\/posts"}],"about":[{"href":"https:\/\/blogdorogeriogomes.com.br\/noticias\/wp-json\/wp\/v2\/types\/post"}],"author":[{"embeddable":true,"href":"https:\/\/blogdorogeriogomes.com.br\/noticias\/wp-json\/wp\/v2\/users\/1"}],"replies":[{"embeddable":true,"href":"https:\/\/blogdorogeriogomes.com.br\/noticias\/wp-json\/wp\/v2\/comments?post=26752"}],"version-history":[{"count":1,"href":"https:\/\/blogdorogeriogomes.com.br\/noticias\/wp-json\/wp\/v2\/posts\/26752\/revisions"}],"predecessor-version":[{"id":26754,"href":"https:\/\/blogdorogeriogomes.com.br\/noticias\/wp-json\/wp\/v2\/posts\/26752\/revisions\/26754"}],"wp:featuredmedia":[{"embeddable":true,"href":"https:\/\/blogdorogeriogomes.com.br\/noticias\/wp-json\/wp\/v2\/media\/26753"}],"wp:attachment":[{"href":"https:\/\/blogdorogeriogomes.com.br\/noticias\/wp-json\/wp\/v2\/media?parent=26752"}],"wp:term":[{"taxonomy":"category","embeddable":true,"href":"https:\/\/blogdorogeriogomes.com.br\/noticias\/wp-json\/wp\/v2\/categories?post=26752"},{"taxonomy":"post_tag","embeddable":true,"href":"https:\/\/blogdorogeriogomes.com.br\/noticias\/wp-json\/wp\/v2\/tags?post=26752"}],"curies":[{"name":"wp","href":"https:\/\/api.w.org\/{rel}","templated":true}]}}