{"id":26768,"date":"2022-09-09T22:59:56","date_gmt":"2022-09-09T22:59:56","guid":{"rendered":"https:\/\/blogdorogeriogomes.com.br\/?p=26768"},"modified":"2022-09-11T12:22:39","modified_gmt":"2022-09-11T12:22:39","slug":"pesquisa-ipec-mostra-capitao-wagner-em-primeiro-queda-de-roberto-claudio-e-subida-de-elmano-de-freitas-os-dois-estao-tecnicamente-empatados","status":"publish","type":"post","link":"https:\/\/blogdorogeriogomes.com.br\/noticias\/2022\/09\/pesquisa-ipec-mostra-capitao-wagner-em-primeiro-queda-de-roberto-claudio-e-subida-de-elmano-de-freitas-os-dois-estao-tecnicamente-empatados\/","title":{"rendered":"Pesquisa Ipec mostra Capit\u00e3o Wagner em primeiro, queda de Roberto Cl\u00e1udio e subida de Elmano de Freitas. Os dois est\u00e3o tecnicamente empatados"},"content":{"rendered":"\n<p>A segunda pesquisa Ipec para o Governo do Cear\u00e1, divulgada nesta sexta-feira, dia 9 de setembro, mostra Capit\u00e3o Wagner (Uni\u00e3o Brasil) com com 35% das inten\u00e7\u00f5es de voto; Elmano de Freitas (PT) tem 22%, e Roberto Cl\u00e1udio (PDT) tem 21%.<\/p>\n\n\n\n<p>Em rela\u00e7\u00e3o a pesquisa anterior, realizada em 1\u00b0 de setembro, Capit\u00e3o Wagner aparece com tr\u00eas pontos percentuais a mais. Roberto Cl\u00e1udio caiu sete pontos, passando de 28% para 21%. Elmano de Freitas aparece numericamente \u00e0 frente de Roberto Cl\u00e1udio, com 22%. De acordo com a margem de erro da pesquisa, que \u00e9 de  tr\u00eas pontos percentuais, Elmano e RC est\u00e3o tecnicamente empatados.<\/p>\n\n\n\n<p>A consulta \u00e9 boa para o petista Elmano de Freitas, porque revela uma tend\u00eancia de crescimento, enquanto o principal advers\u00e1rio na disputa pelo segundo lugar, Roberto Cl\u00e1udio, perdeu pontos importantes na corrida estadual.<\/p>\n\n\n\n<p>Em tr\u00eas simula\u00e7\u00f5es de 2\u00b0 turno, Capit\u00e3o Wagner soma 41% contra 40% de Roberto Cl\u00e1udio. Diante de Elmano de Freitas, Capit\u00e3o fez 44% a 38%. Na disputa entre RC e Elmano, o pedetista teve 38% contra 35% do petista.<\/p>\n\n\n\n<p>Na disputa para o Senado, &nbsp;Camilo Santana (PT) lidera com 66% das inten\u00e7\u00f5es de voto; Kamila Cardoso (Avante), tem 10%, e \u00c9rika Amorim (PSD) tem 4%.<\/p>\n\n\n\n<p>A pesquisa Ipec ouviu 1.200 pessoas entre os dias 6 e 8 de setembro. A margem de erro \u00e9 de tr\u00eas pontos percentuais para mais ou para menos.<\/p>\n\n\n\n<figure class=\"wp-block-image size-full\"><img loading=\"lazy\" decoding=\"async\" width=\"425\" height=\"239\" src=\"https:\/\/blogdorogeriogomes.com.br\/wp-content\/uploads\/2022\/09\/images-4.jpeg\" alt=\"\" class=\"wp-image-26769\" srcset=\"https:\/\/blogdorogeriogomes.com.br\/noticias\/wp-content\/uploads\/2022\/09\/images-4.jpeg 425w, https:\/\/blogdorogeriogomes.com.br\/noticias\/wp-content\/uploads\/2022\/09\/images-4-300x169.jpeg 300w\" sizes=\"auto, (max-width: 425px) 100vw, 425px\" \/><\/figure>\n","protected":false},"excerpt":{"rendered":"<p>A segunda pesquisa Ipec para o Governo do Cear\u00e1, divulgada nesta sexta-feira, dia 9 de setembro, mostra Capit\u00e3o Wagner (Uni\u00e3o Brasil) com com 35% das inten\u00e7\u00f5es de voto; Elmano de Freitas (PT) tem 22%, e Roberto Cl\u00e1udio (PDT) tem 21%. Em rela\u00e7\u00e3o a pesquisa anterior, realizada em 1\u00b0 de setembro, Capit\u00e3o Wagner aparece com tr\u00eas pontos percentuais a mais. Roberto Cl\u00e1udio caiu sete pontos, passando de 28% para 21%. Elmano de Freitas aparece numericamente \u00e0 frente de Roberto Cl\u00e1udio,&hellip;<\/p>\n","protected":false},"author":1,"featured_media":26769,"comment_status":"open","ping_status":"open","sticky":false,"template":"","format":"standard","meta":{"footnotes":""},"categories":[1],"tags":[],"class_list":["post-26768","post","type-post","status-publish","format-standard","has-post-thumbnail","hentry","category-noticias"],"_links":{"self":[{"href":"https:\/\/blogdorogeriogomes.com.br\/noticias\/wp-json\/wp\/v2\/posts\/26768","targetHints":{"allow":["GET"]}}],"collection":[{"href":"https:\/\/blogdorogeriogomes.com.br\/noticias\/wp-json\/wp\/v2\/posts"}],"about":[{"href":"https:\/\/blogdorogeriogomes.com.br\/noticias\/wp-json\/wp\/v2\/types\/post"}],"author":[{"embeddable":true,"href":"https:\/\/blogdorogeriogomes.com.br\/noticias\/wp-json\/wp\/v2\/users\/1"}],"replies":[{"embeddable":true,"href":"https:\/\/blogdorogeriogomes.com.br\/noticias\/wp-json\/wp\/v2\/comments?post=26768"}],"version-history":[{"count":2,"href":"https:\/\/blogdorogeriogomes.com.br\/noticias\/wp-json\/wp\/v2\/posts\/26768\/revisions"}],"predecessor-version":[{"id":26783,"href":"https:\/\/blogdorogeriogomes.com.br\/noticias\/wp-json\/wp\/v2\/posts\/26768\/revisions\/26783"}],"wp:featuredmedia":[{"embeddable":true,"href":"https:\/\/blogdorogeriogomes.com.br\/noticias\/wp-json\/wp\/v2\/media\/26769"}],"wp:attachment":[{"href":"https:\/\/blogdorogeriogomes.com.br\/noticias\/wp-json\/wp\/v2\/media?parent=26768"}],"wp:term":[{"taxonomy":"category","embeddable":true,"href":"https:\/\/blogdorogeriogomes.com.br\/noticias\/wp-json\/wp\/v2\/categories?post=26768"},{"taxonomy":"post_tag","embeddable":true,"href":"https:\/\/blogdorogeriogomes.com.br\/noticias\/wp-json\/wp\/v2\/tags?post=26768"}],"curies":[{"name":"wp","href":"https:\/\/api.w.org\/{rel}","templated":true}]}}