{"id":26779,"date":"2022-09-11T09:41:05","date_gmt":"2022-09-11T09:41:05","guid":{"rendered":"https:\/\/blogdorogeriogomes.com.br\/?p=26779"},"modified":"2022-09-11T12:22:04","modified_gmt":"2022-09-11T12:22:04","slug":"tre-do-ceara-manda-delegado-cavalcante-apagar-postagem-de-ameaca-de-bala-em-caso-de-vitoria-de-lula-nas-eleicoes","status":"publish","type":"post","link":"https:\/\/blogdorogeriogomes.com.br\/noticias\/2022\/09\/tre-do-ceara-manda-delegado-cavalcante-apagar-postagem-de-ameaca-de-bala-em-caso-de-vitoria-de-lula-nas-eleicoes\/","title":{"rendered":"TRE do Cear\u00e1 manda Delegado Cavalcante apagar postagem de &#8220;amea\u00e7a de bala&#8221; em caso de vit\u00f3ria de Lula nas elei\u00e7\u00f5es"},"content":{"rendered":"\n<p>O Tribunal Regional Eleitoral do Cear\u00e1 (TRE) mandou o Delegado Cavalcante, candidato a deputado federal pelo PL, excluir um v\u00eddeo das suas redes sociais em que amea\u00e7ou &#8220;resolver na bala&#8221; em caso de derrota eleitoral do atual chefe do Executivo, Jair Bolsonaro (PL), na disputa ao Pal\u00e1cio do Planalto. A declara\u00e7\u00e3o ocorreu durante manifesta\u00e7\u00e3o do 7 de Setembro, na Pra\u00e7a Portugal, em Fortaleza.<\/p>\n\n\n\n<p>O Tribunal acolheu pedido de Adelitta Monteiro (PSOL), que tamb\u00e9m \u00e9 candidata a deputada federal. A Justi\u00e7a Eleitoral determinou o pagamento de multa di\u00e1ria no valor de R$ 2 mil em caso de descumprimento da remo\u00e7\u00e3o do v\u00eddeo e do link da m\u00eddia nas redes sociais.<\/p>\n\n\n\n<p>O caso teve repercuss\u00e3o nacional de forma negativa para o Delegado Cavalcante, que \u00e9 um dos principais defensores das ideias do presidente Jair Bolsonaro no Estado.<\/p>\n\n\n\n<p>Neste s\u00e1bado, dia 10 de setembro, o ministro do Tribunal Superior Eleitoral (TSE) Benedito Gon\u00e7alves tamb\u00e9m proibiu que o presidente Jair Bolsonaro e o candidato \u00e0 vice na campanha bolsonarista, Braga Netto (PL), usem nas propagandas eleitorais, em todos os meios, as imagens capturadas durante os eventos oficiais no feriado de 7 de Setembro, que comemorou o bicenten\u00e1rio da Independ\u00eancia do Brasil.<\/p>\n\n\n\n<figure class=\"wp-block-image size-full\"><img loading=\"lazy\" decoding=\"async\" width=\"678\" height=\"452\" src=\"https:\/\/blogdorogeriogomes.com.br\/wp-content\/uploads\/2022\/09\/images-5.jpeg\" alt=\"\" class=\"wp-image-26780\" srcset=\"https:\/\/blogdorogeriogomes.com.br\/noticias\/wp-content\/uploads\/2022\/09\/images-5.jpeg 678w, https:\/\/blogdorogeriogomes.com.br\/noticias\/wp-content\/uploads\/2022\/09\/images-5-300x200.jpeg 300w\" sizes=\"auto, (max-width: 678px) 100vw, 678px\" \/><\/figure>\n","protected":false},"excerpt":{"rendered":"<p>O Tribunal Regional Eleitoral do Cear\u00e1 (TRE) mandou o Delegado Cavalcante, candidato a deputado federal pelo PL, excluir um v\u00eddeo das suas redes sociais em que amea\u00e7ou &#8220;resolver na bala&#8221; em caso de derrota eleitoral do atual chefe do Executivo, Jair Bolsonaro (PL), na disputa ao Pal\u00e1cio do Planalto. A declara\u00e7\u00e3o ocorreu durante manifesta\u00e7\u00e3o do 7 de Setembro, na Pra\u00e7a Portugal, em Fortaleza. O Tribunal acolheu pedido de Adelitta Monteiro (PSOL), que tamb\u00e9m \u00e9 candidata a deputada federal. A&hellip;<\/p>\n","protected":false},"author":1,"featured_media":26780,"comment_status":"open","ping_status":"open","sticky":false,"template":"","format":"standard","meta":{"footnotes":""},"categories":[1],"tags":[],"class_list":["post-26779","post","type-post","status-publish","format-standard","has-post-thumbnail","hentry","category-noticias"],"_links":{"self":[{"href":"https:\/\/blogdorogeriogomes.com.br\/noticias\/wp-json\/wp\/v2\/posts\/26779","targetHints":{"allow":["GET"]}}],"collection":[{"href":"https:\/\/blogdorogeriogomes.com.br\/noticias\/wp-json\/wp\/v2\/posts"}],"about":[{"href":"https:\/\/blogdorogeriogomes.com.br\/noticias\/wp-json\/wp\/v2\/types\/post"}],"author":[{"embeddable":true,"href":"https:\/\/blogdorogeriogomes.com.br\/noticias\/wp-json\/wp\/v2\/users\/1"}],"replies":[{"embeddable":true,"href":"https:\/\/blogdorogeriogomes.com.br\/noticias\/wp-json\/wp\/v2\/comments?post=26779"}],"version-history":[{"count":1,"href":"https:\/\/blogdorogeriogomes.com.br\/noticias\/wp-json\/wp\/v2\/posts\/26779\/revisions"}],"predecessor-version":[{"id":26781,"href":"https:\/\/blogdorogeriogomes.com.br\/noticias\/wp-json\/wp\/v2\/posts\/26779\/revisions\/26781"}],"wp:featuredmedia":[{"embeddable":true,"href":"https:\/\/blogdorogeriogomes.com.br\/noticias\/wp-json\/wp\/v2\/media\/26780"}],"wp:attachment":[{"href":"https:\/\/blogdorogeriogomes.com.br\/noticias\/wp-json\/wp\/v2\/media?parent=26779"}],"wp:term":[{"taxonomy":"category","embeddable":true,"href":"https:\/\/blogdorogeriogomes.com.br\/noticias\/wp-json\/wp\/v2\/categories?post=26779"},{"taxonomy":"post_tag","embeddable":true,"href":"https:\/\/blogdorogeriogomes.com.br\/noticias\/wp-json\/wp\/v2\/tags?post=26779"}],"curies":[{"name":"wp","href":"https:\/\/api.w.org\/{rel}","templated":true}]}}