{"id":26784,"date":"2022-09-12T23:11:58","date_gmt":"2022-09-12T23:11:58","guid":{"rendered":"https:\/\/blogdorogeriogomes.com.br\/?p=26784"},"modified":"2022-09-13T10:23:13","modified_gmt":"2022-09-13T10:23:13","slug":"confronto-de-ideias-se-intensifica-entre-os-candidatos-ao-governo-do-ceara-no-debate-do-grupo-o-povo","status":"publish","type":"post","link":"https:\/\/blogdorogeriogomes.com.br\/noticias\/2022\/09\/confronto-de-ideias-se-intensifica-entre-os-candidatos-ao-governo-do-ceara-no-debate-do-grupo-o-povo\/","title":{"rendered":"Confronto de ideias se intensifica entre os candidatos ao Governo do Cear\u00e1 no debate do Grupo O POVO"},"content":{"rendered":"\n<p>Os tr\u00eas candidatos melhores colocados nas pesquisas eleitorais participaram de um debate, nesta segunda-feira, dia 12 de setembro, na sede da OAB Cear\u00e1, promovido pelo Grupo O POVO.<\/p>\n\n\n\n<p>Os candidatos foram recebidos pela milit\u00e2ncia na sede da OAB. Capit\u00e3o Wagner, do Uni\u00e3o Brasil, Elmano de Freitas, do PT, e Roberto Cl\u00e1udio, do PDT, trocaram ideias durante uma hora e 20 minutos de debate. Temas como educa\u00e7\u00e3o, sa\u00fade, transporte p\u00fablico e energia foram discutidos, com cada candidato apresentando seus planos de governo.<\/p>\n\n\n\n<p>A 20 dias do primeiro turno, os candidatos ao Governo do Estado tentam explicar ao eleitor suas propostas caso sejam eleitos. Mas cada tamb\u00e9m est\u00e3o de olho na temperatura do clima eleitoral. A cada pesquisa, as estrat\u00e9gias v\u00e3o mudando.&nbsp;<\/p>\n\n\n\n<p>Elmano de Freitas, Roberto Cl\u00e1udio e Capit\u00e3o Wagner refor\u00e7am as visitas ao interior do Cear\u00e1. Na Capital, a campanha tamb\u00e9m ganha for\u00e7a. <\/p>\n\n\n\n<p>No debate de hoje, os maiores confrontos foram entre Roberto Cl\u00e1udio e Elmano de Freitas, que disputam o segundo lugar nas pesquisas. Na lideran\u00e7a em todas as consultas, Capit\u00e3o Wagner vive a expectativa de quem poder\u00e1 enfrentar em um eventual 2\u00b0 turno. Os embates tendem a se intensificar na reta final da campanha.<\/p>\n\n\n\n<figure class=\"wp-block-image size-large\"><img loading=\"lazy\" decoding=\"async\" width=\"1024\" height=\"768\" src=\"https:\/\/blogdorogeriogomes.com.br\/wp-content\/uploads\/2022\/09\/IMG_20220912_160444733-1024x768.jpg\" alt=\"\" class=\"wp-image-26785\" srcset=\"https:\/\/blogdorogeriogomes.com.br\/noticias\/wp-content\/uploads\/2022\/09\/IMG_20220912_160444733-1024x768.jpg 1024w, https:\/\/blogdorogeriogomes.com.br\/noticias\/wp-content\/uploads\/2022\/09\/IMG_20220912_160444733-300x225.jpg 300w, https:\/\/blogdorogeriogomes.com.br\/noticias\/wp-content\/uploads\/2022\/09\/IMG_20220912_160444733-768x576.jpg 768w, https:\/\/blogdorogeriogomes.com.br\/noticias\/wp-content\/uploads\/2022\/09\/IMG_20220912_160444733-1536x1152.jpg 1536w, https:\/\/blogdorogeriogomes.com.br\/noticias\/wp-content\/uploads\/2022\/09\/IMG_20220912_160444733-2048x1536.jpg 2048w, https:\/\/blogdorogeriogomes.com.br\/noticias\/wp-content\/uploads\/2022\/09\/IMG_20220912_160444733-800x600.jpg 800w, https:\/\/blogdorogeriogomes.com.br\/noticias\/wp-content\/uploads\/2022\/09\/IMG_20220912_160444733-400x300.jpg 400w\" sizes=\"auto, (max-width: 1024px) 100vw, 1024px\" \/><\/figure>\n","protected":false},"excerpt":{"rendered":"<p>Os tr\u00eas candidatos melhores colocados nas pesquisas eleitorais participaram de um debate, nesta segunda-feira, dia 12 de setembro, na sede da OAB Cear\u00e1, promovido pelo Grupo O POVO. Os candidatos foram recebidos pela milit\u00e2ncia na sede da OAB. Capit\u00e3o Wagner, do Uni\u00e3o Brasil, Elmano de Freitas, do PT, e Roberto Cl\u00e1udio, do PDT, trocaram ideias durante uma hora e 20 minutos de debate. Temas como educa\u00e7\u00e3o, sa\u00fade, transporte p\u00fablico e energia foram discutidos, com cada candidato apresentando seus planos&hellip;<\/p>\n","protected":false},"author":1,"featured_media":26785,"comment_status":"open","ping_status":"open","sticky":false,"template":"","format":"standard","meta":{"footnotes":""},"categories":[1],"tags":[],"class_list":["post-26784","post","type-post","status-publish","format-standard","has-post-thumbnail","hentry","category-noticias"],"_links":{"self":[{"href":"https:\/\/blogdorogeriogomes.com.br\/noticias\/wp-json\/wp\/v2\/posts\/26784","targetHints":{"allow":["GET"]}}],"collection":[{"href":"https:\/\/blogdorogeriogomes.com.br\/noticias\/wp-json\/wp\/v2\/posts"}],"about":[{"href":"https:\/\/blogdorogeriogomes.com.br\/noticias\/wp-json\/wp\/v2\/types\/post"}],"author":[{"embeddable":true,"href":"https:\/\/blogdorogeriogomes.com.br\/noticias\/wp-json\/wp\/v2\/users\/1"}],"replies":[{"embeddable":true,"href":"https:\/\/blogdorogeriogomes.com.br\/noticias\/wp-json\/wp\/v2\/comments?post=26784"}],"version-history":[{"count":2,"href":"https:\/\/blogdorogeriogomes.com.br\/noticias\/wp-json\/wp\/v2\/posts\/26784\/revisions"}],"predecessor-version":[{"id":26790,"href":"https:\/\/blogdorogeriogomes.com.br\/noticias\/wp-json\/wp\/v2\/posts\/26784\/revisions\/26790"}],"wp:featuredmedia":[{"embeddable":true,"href":"https:\/\/blogdorogeriogomes.com.br\/noticias\/wp-json\/wp\/v2\/media\/26785"}],"wp:attachment":[{"href":"https:\/\/blogdorogeriogomes.com.br\/noticias\/wp-json\/wp\/v2\/media?parent=26784"}],"wp:term":[{"taxonomy":"category","embeddable":true,"href":"https:\/\/blogdorogeriogomes.com.br\/noticias\/wp-json\/wp\/v2\/categories?post=26784"},{"taxonomy":"post_tag","embeddable":true,"href":"https:\/\/blogdorogeriogomes.com.br\/noticias\/wp-json\/wp\/v2\/tags?post=26784"}],"curies":[{"name":"wp","href":"https:\/\/api.w.org\/{rel}","templated":true}]}}