{"id":26794,"date":"2022-09-13T11:15:56","date_gmt":"2022-09-13T11:15:56","guid":{"rendered":"https:\/\/blogdorogeriogomes.com.br\/?p=26794"},"modified":"2022-09-13T19:17:36","modified_gmt":"2022-09-13T19:17:36","slug":"pesquisa-real-time-big-data-coloca-elmano-de-freitas-em-segundo-lugar-na-frente-de-roberto-claudio-capitao-wagner-continua-na-lideranca","status":"publish","type":"post","link":"https:\/\/blogdorogeriogomes.com.br\/noticias\/2022\/09\/pesquisa-real-time-big-data-coloca-elmano-de-freitas-em-segundo-lugar-na-frente-de-roberto-claudio-capitao-wagner-continua-na-lideranca\/","title":{"rendered":"Pesquisa Real Time Big Data coloca Elmano de Freitas em segundo lugar na frente de Roberto Cl\u00e1udio. Capit\u00e3o Wagner continua na lideran\u00e7a"},"content":{"rendered":"\n<p>A exemplo do que mostrou a Pesquisa Ipec, divulgada na sexta-feira passada, dia 9 de setembro, Elmano de Freitas (PT) aparece na segunda coloca\u00e7\u00e3o na disputa pelo Governo do Cear\u00e1 em novo pesquisa Real Time Big Data divulgada nesta ter\u00e7a-feira, dia 13. Ele ultrapassou Roberto Cl\u00e1udio (PDT). Capit\u00e3o Wagner (Uni\u00e3o Brasil) continua na lideran\u00e7a da disputa pelo Pal\u00e1cio da Aboli\u00e7\u00e3o.<\/p>\n\n\n\n<p>Confira os n\u00fameros da pesquisa para governador:<\/p>\n\n\n\n<p><strong>Capit\u00e3o Wagner (Uni\u00e3o Brasil):<\/strong>&nbsp;36% (na pesquisa anterior foi 38%)<br>&#8211;&nbsp;<strong>Elmano de Freitas (PT):<\/strong>&nbsp;26% (no levantamento anterior foi 24%)<br>&#8211;&nbsp;<strong>Roberto Cl\u00e1udio (PDT):<\/strong>&nbsp;22% (na \u00faltima pesquisa foi 25%)<\/p>\n\n\n\n<p>Confira os n\u00fameros da pesquisa para o Senado:<\/p>\n\n\n\n<p><strong>&#8211; Camilo Santana (PT): <\/strong>60%<br>&#8211;&nbsp;<strong>Kamila Cardoso (Avante):<\/strong>&nbsp;13%<br>&#8211;&nbsp;<strong>Erika Amorim (PSD):<\/strong>&nbsp;4%<\/p>\n\n\n\n<p>A pesquisa Real Time Big Data foi encomendada pela&nbsp;RecordTV e ouviu mil eleitores entre 10 e 12 de setembro. A margem de erro \u00e9 de tr\u00eas pontos percentuais para mais ou para menos.&nbsp;<\/p>\n\n\n\n<figure class=\"wp-block-image size-full\"><img loading=\"lazy\" decoding=\"async\" width=\"425\" height=\"239\" src=\"https:\/\/blogdorogeriogomes.com.br\/wp-content\/uploads\/2022\/09\/images-8.jpeg\" alt=\"\" class=\"wp-image-26795\" srcset=\"https:\/\/blogdorogeriogomes.com.br\/noticias\/wp-content\/uploads\/2022\/09\/images-8.jpeg 425w, https:\/\/blogdorogeriogomes.com.br\/noticias\/wp-content\/uploads\/2022\/09\/images-8-300x169.jpeg 300w\" sizes=\"auto, (max-width: 425px) 100vw, 425px\" \/><\/figure>\n","protected":false},"excerpt":{"rendered":"<p>A exemplo do que mostrou a Pesquisa Ipec, divulgada na sexta-feira passada, dia 9 de setembro, Elmano de Freitas (PT) aparece na segunda coloca\u00e7\u00e3o na disputa pelo Governo do Cear\u00e1 em novo pesquisa Real Time Big Data divulgada nesta ter\u00e7a-feira, dia 13. Ele ultrapassou Roberto Cl\u00e1udio (PDT). Capit\u00e3o Wagner (Uni\u00e3o Brasil) continua na lideran\u00e7a da disputa pelo Pal\u00e1cio da Aboli\u00e7\u00e3o. Confira os n\u00fameros da pesquisa para governador: Capit\u00e3o Wagner (Uni\u00e3o Brasil):&nbsp;36% (na pesquisa anterior foi 38%)&#8211;&nbsp;Elmano de Freitas (PT):&nbsp;26%&hellip;<\/p>\n","protected":false},"author":1,"featured_media":26795,"comment_status":"open","ping_status":"open","sticky":false,"template":"","format":"standard","meta":{"footnotes":""},"categories":[1],"tags":[],"class_list":["post-26794","post","type-post","status-publish","format-standard","has-post-thumbnail","hentry","category-noticias"],"_links":{"self":[{"href":"https:\/\/blogdorogeriogomes.com.br\/noticias\/wp-json\/wp\/v2\/posts\/26794","targetHints":{"allow":["GET"]}}],"collection":[{"href":"https:\/\/blogdorogeriogomes.com.br\/noticias\/wp-json\/wp\/v2\/posts"}],"about":[{"href":"https:\/\/blogdorogeriogomes.com.br\/noticias\/wp-json\/wp\/v2\/types\/post"}],"author":[{"embeddable":true,"href":"https:\/\/blogdorogeriogomes.com.br\/noticias\/wp-json\/wp\/v2\/users\/1"}],"replies":[{"embeddable":true,"href":"https:\/\/blogdorogeriogomes.com.br\/noticias\/wp-json\/wp\/v2\/comments?post=26794"}],"version-history":[{"count":2,"href":"https:\/\/blogdorogeriogomes.com.br\/noticias\/wp-json\/wp\/v2\/posts\/26794\/revisions"}],"predecessor-version":[{"id":26797,"href":"https:\/\/blogdorogeriogomes.com.br\/noticias\/wp-json\/wp\/v2\/posts\/26794\/revisions\/26797"}],"wp:featuredmedia":[{"embeddable":true,"href":"https:\/\/blogdorogeriogomes.com.br\/noticias\/wp-json\/wp\/v2\/media\/26795"}],"wp:attachment":[{"href":"https:\/\/blogdorogeriogomes.com.br\/noticias\/wp-json\/wp\/v2\/media?parent=26794"}],"wp:term":[{"taxonomy":"category","embeddable":true,"href":"https:\/\/blogdorogeriogomes.com.br\/noticias\/wp-json\/wp\/v2\/categories?post=26794"},{"taxonomy":"post_tag","embeddable":true,"href":"https:\/\/blogdorogeriogomes.com.br\/noticias\/wp-json\/wp\/v2\/tags?post=26794"}],"curies":[{"name":"wp","href":"https:\/\/api.w.org\/{rel}","templated":true}]}}