{"id":26802,"date":"2022-09-14T00:52:44","date_gmt":"2022-09-14T00:52:44","guid":{"rendered":"https:\/\/blogdorogeriogomes.com.br\/?p=26802"},"modified":"2022-09-14T13:48:42","modified_gmt":"2022-09-14T13:48:42","slug":"pesquisas-eleitorais-para-o-governo-do-ceara-mostram-acirramento-pelo-segundo-lugar","status":"publish","type":"post","link":"https:\/\/blogdorogeriogomes.com.br\/noticias\/2022\/09\/pesquisas-eleitorais-para-o-governo-do-ceara-mostram-acirramento-pelo-segundo-lugar\/","title":{"rendered":"Pesquisas eleitorais para o Governo do Cear\u00e1 mostram acirramento pelo segundo lugar"},"content":{"rendered":"\n<p>As quatro \u00faltimas pesquisas eleitorais que mediram a disputa pelo Governo do Cear\u00e1 revelam o acirramento pelo segundo lugar entre Roberto Cl\u00e1udio (PDT) e Elmano de Freitas (PT). Os institutos Ipespe e Real Time Big Data j\u00e1 mostram o petista na segunda coloca\u00e7\u00e3o, mas com empate t\u00e9cnico dentro da margem de erro. No Invox Brasil e Paran\u00e1 Pesquisas, Roberto Cl\u00e1udio ainda aparece na frente de Elmano, mas tamb\u00e9m tecnicamente empatados na margem de erro. Capit\u00e3o Wagner (Uni\u00e3o Brasil) lidera em todos os institutos.<\/p>\n\n\n\n<p>A vantagem para Elmano de Freitas \u00e9 o crescimento nas \u00faltimas consultas. Em todos os institutos \u00e9 verificado que a candidatura do petista est\u00e1 com tend\u00eancia de alta, enquanto Roberto Cl\u00e1udio vem perdendo pontos em rela\u00e7\u00e3o a pesquisas anteriores.<\/p>\n\n\n\n<p>Confira os resultados dos quatro institutos nas pesquisas realizadas no in\u00edcio desta semana:<\/p>\n\n\n\n<p>Ipespe<\/p>\n\n\n\n<p>Capit\u00e3o Wagner 36%<\/p>\n\n\n\n<p>Elmano de Freitas 23%<\/p>\n\n\n\n<p>Roberto Cl\u00e1udio 22%<\/p>\n\n\n\n<p><\/p>\n\n\n\n<p>Invox<\/p>\n\n\n\n<p>Capit\u00e3o Wagner&nbsp; 34%<\/p>\n\n\n\n<p>Roberto Cl\u00e1udio 26%<\/p>\n\n\n\n<p>Elmano de Freitas 21%<\/p>\n\n\n\n<p><\/p>\n\n\n\n<p>Paran\u00e1 Pesquisas<\/p>\n\n\n\n<p>Capit\u00e3o Wagner 36,8%<\/p>\n\n\n\n<p>Roberto Cl\u00e1udio 24,4%<\/p>\n\n\n\n<p>Elmano de Freitas 23,3%<\/p>\n\n\n\n<p><\/p>\n\n\n\n<p>Real Time Big Data<\/p>\n\n\n\n<p>Capit\u00e3o Wagner 36%<\/p>\n\n\n\n<p>Elmano de Freitas 26%<\/p>\n\n\n\n<p>Roberto Cl\u00e1udio 22%<\/p>\n\n\n\n<figure class=\"wp-block-image size-full\"><img loading=\"lazy\" decoding=\"async\" width=\"640\" height=\"427\" src=\"https:\/\/blogdorogeriogomes.com.br\/wp-content\/uploads\/2022\/09\/images-9.jpeg\" alt=\"\" class=\"wp-image-26803\" srcset=\"https:\/\/blogdorogeriogomes.com.br\/noticias\/wp-content\/uploads\/2022\/09\/images-9.jpeg 640w, https:\/\/blogdorogeriogomes.com.br\/noticias\/wp-content\/uploads\/2022\/09\/images-9-300x200.jpeg 300w\" sizes=\"auto, (max-width: 640px) 100vw, 640px\" \/><\/figure>\n","protected":false},"excerpt":{"rendered":"<p>As quatro \u00faltimas pesquisas eleitorais que mediram a disputa pelo Governo do Cear\u00e1 revelam o acirramento pelo segundo lugar entre Roberto Cl\u00e1udio (PDT) e Elmano de Freitas (PT). Os institutos Ipespe e Real Time Big Data j\u00e1 mostram o petista na segunda coloca\u00e7\u00e3o, mas com empate t\u00e9cnico dentro da margem de erro. No Invox Brasil e Paran\u00e1 Pesquisas, Roberto Cl\u00e1udio ainda aparece na frente de Elmano, mas tamb\u00e9m tecnicamente empatados na margem de erro. Capit\u00e3o Wagner (Uni\u00e3o Brasil) lidera&hellip;<\/p>\n","protected":false},"author":1,"featured_media":26803,"comment_status":"open","ping_status":"open","sticky":false,"template":"","format":"standard","meta":{"footnotes":""},"categories":[1],"tags":[],"class_list":["post-26802","post","type-post","status-publish","format-standard","has-post-thumbnail","hentry","category-noticias"],"_links":{"self":[{"href":"https:\/\/blogdorogeriogomes.com.br\/noticias\/wp-json\/wp\/v2\/posts\/26802","targetHints":{"allow":["GET"]}}],"collection":[{"href":"https:\/\/blogdorogeriogomes.com.br\/noticias\/wp-json\/wp\/v2\/posts"}],"about":[{"href":"https:\/\/blogdorogeriogomes.com.br\/noticias\/wp-json\/wp\/v2\/types\/post"}],"author":[{"embeddable":true,"href":"https:\/\/blogdorogeriogomes.com.br\/noticias\/wp-json\/wp\/v2\/users\/1"}],"replies":[{"embeddable":true,"href":"https:\/\/blogdorogeriogomes.com.br\/noticias\/wp-json\/wp\/v2\/comments?post=26802"}],"version-history":[{"count":2,"href":"https:\/\/blogdorogeriogomes.com.br\/noticias\/wp-json\/wp\/v2\/posts\/26802\/revisions"}],"predecessor-version":[{"id":26805,"href":"https:\/\/blogdorogeriogomes.com.br\/noticias\/wp-json\/wp\/v2\/posts\/26802\/revisions\/26805"}],"wp:featuredmedia":[{"embeddable":true,"href":"https:\/\/blogdorogeriogomes.com.br\/noticias\/wp-json\/wp\/v2\/media\/26803"}],"wp:attachment":[{"href":"https:\/\/blogdorogeriogomes.com.br\/noticias\/wp-json\/wp\/v2\/media?parent=26802"}],"wp:term":[{"taxonomy":"category","embeddable":true,"href":"https:\/\/blogdorogeriogomes.com.br\/noticias\/wp-json\/wp\/v2\/categories?post=26802"},{"taxonomy":"post_tag","embeddable":true,"href":"https:\/\/blogdorogeriogomes.com.br\/noticias\/wp-json\/wp\/v2\/tags?post=26802"}],"curies":[{"name":"wp","href":"https:\/\/api.w.org\/{rel}","templated":true}]}}