{"id":26821,"date":"2022-09-14T20:42:10","date_gmt":"2022-09-14T20:42:10","guid":{"rendered":"https:\/\/blogdorogeriogomes.com.br\/?p=26821"},"modified":"2022-09-19T23:49:14","modified_gmt":"2022-09-19T23:49:14","slug":"izolda-cela-convoca-800-professores-aprovados-no-cadastro-de-reserva-em-concurso-publico-no-ceara","status":"publish","type":"post","link":"https:\/\/blogdorogeriogomes.com.br\/noticias\/2022\/09\/izolda-cela-convoca-800-professores-aprovados-no-cadastro-de-reserva-em-concurso-publico-no-ceara\/","title":{"rendered":"Izolda Cela convoca 800 professores aprovados no cadastro de reserva em concurso p\u00fablico no Cear\u00e1"},"content":{"rendered":"\n<p>A governadora Izolda Cela anunciou, em transmiss\u00e3o nas redes sociais, o chamamento de 800 professores que constam no cadastro de reserva do \u00faltimo concurso da Secretaria da Educa\u00e7\u00e3o do Estado (Seduc).&nbsp;<\/p>\n\n\n\n<p>O edital com as informa\u00e7\u00f5es da convoca\u00e7\u00e3o dever\u00e1 ser publicado at\u00e9 o pr\u00f3ximo dia 28 de setembro pela secret\u00e1ria de Educa\u00e7\u00e3o do Estado, Eliana Estrela.<\/p>\n\n\n\n<p>Segundo Izolda Cela, o governo estadual j\u00e1 tinha feito h\u00e1 um tempo o chamamento de todas as vagas do edital, com 2.500 vagas e agora com essa possibilidade de chamar 800 profissionais que est\u00e3o no cadastro de reserva.<\/p>\n\n\n\n<p>O \u00faltimo concurso p\u00fablico realizado pelo estado do Cear\u00e1 na \u00e1rea da educa\u00e7\u00e3o foi em 2018. Portanto, as novas convoca\u00e7\u00f5es devem preencher o d\u00e9ficit de vagas no estado.<\/p>\n\n\n\n<figure class=\"wp-block-image size-full\"><img loading=\"lazy\" decoding=\"async\" width=\"984\" height=\"573\" src=\"https:\/\/blogdorogeriogomes.com.br\/wp-content\/uploads\/2022\/09\/izolda-anuncio.jpeg\" alt=\"\" class=\"wp-image-26822\" srcset=\"https:\/\/blogdorogeriogomes.com.br\/noticias\/wp-content\/uploads\/2022\/09\/izolda-anuncio.jpeg 984w, https:\/\/blogdorogeriogomes.com.br\/noticias\/wp-content\/uploads\/2022\/09\/izolda-anuncio-300x175.jpeg 300w, https:\/\/blogdorogeriogomes.com.br\/noticias\/wp-content\/uploads\/2022\/09\/izolda-anuncio-768x447.jpeg 768w, https:\/\/blogdorogeriogomes.com.br\/noticias\/wp-content\/uploads\/2022\/09\/izolda-anuncio-800x466.jpeg 800w\" sizes=\"auto, (max-width: 984px) 100vw, 984px\" \/><\/figure>\n","protected":false},"excerpt":{"rendered":"<p>A governadora Izolda Cela anunciou, em transmiss\u00e3o nas redes sociais, o chamamento de 800 professores que constam no cadastro de reserva do \u00faltimo concurso da Secretaria da Educa\u00e7\u00e3o do Estado (Seduc).&nbsp; O edital com as informa\u00e7\u00f5es da convoca\u00e7\u00e3o dever\u00e1 ser publicado at\u00e9 o pr\u00f3ximo dia 28 de setembro pela secret\u00e1ria de Educa\u00e7\u00e3o do Estado, Eliana Estrela. Segundo Izolda Cela, o governo estadual j\u00e1 tinha feito h\u00e1 um tempo o chamamento de todas as vagas do edital, com 2.500 vagas&hellip;<\/p>\n","protected":false},"author":1,"featured_media":26822,"comment_status":"open","ping_status":"open","sticky":false,"template":"","format":"standard","meta":{"footnotes":""},"categories":[1],"tags":[],"class_list":["post-26821","post","type-post","status-publish","format-standard","has-post-thumbnail","hentry","category-noticias"],"_links":{"self":[{"href":"https:\/\/blogdorogeriogomes.com.br\/noticias\/wp-json\/wp\/v2\/posts\/26821","targetHints":{"allow":["GET"]}}],"collection":[{"href":"https:\/\/blogdorogeriogomes.com.br\/noticias\/wp-json\/wp\/v2\/posts"}],"about":[{"href":"https:\/\/blogdorogeriogomes.com.br\/noticias\/wp-json\/wp\/v2\/types\/post"}],"author":[{"embeddable":true,"href":"https:\/\/blogdorogeriogomes.com.br\/noticias\/wp-json\/wp\/v2\/users\/1"}],"replies":[{"embeddable":true,"href":"https:\/\/blogdorogeriogomes.com.br\/noticias\/wp-json\/wp\/v2\/comments?post=26821"}],"version-history":[{"count":1,"href":"https:\/\/blogdorogeriogomes.com.br\/noticias\/wp-json\/wp\/v2\/posts\/26821\/revisions"}],"predecessor-version":[{"id":26823,"href":"https:\/\/blogdorogeriogomes.com.br\/noticias\/wp-json\/wp\/v2\/posts\/26821\/revisions\/26823"}],"wp:featuredmedia":[{"embeddable":true,"href":"https:\/\/blogdorogeriogomes.com.br\/noticias\/wp-json\/wp\/v2\/media\/26822"}],"wp:attachment":[{"href":"https:\/\/blogdorogeriogomes.com.br\/noticias\/wp-json\/wp\/v2\/media?parent=26821"}],"wp:term":[{"taxonomy":"category","embeddable":true,"href":"https:\/\/blogdorogeriogomes.com.br\/noticias\/wp-json\/wp\/v2\/categories?post=26821"},{"taxonomy":"post_tag","embeddable":true,"href":"https:\/\/blogdorogeriogomes.com.br\/noticias\/wp-json\/wp\/v2\/tags?post=26821"}],"curies":[{"name":"wp","href":"https:\/\/api.w.org\/{rel}","templated":true}]}}