{"id":26833,"date":"2022-09-15T11:19:04","date_gmt":"2022-09-15T11:19:04","guid":{"rendered":"https:\/\/blogdorogeriogomes.com.br\/?p=26833"},"modified":"2022-09-19T23:48:48","modified_gmt":"2022-09-19T23:48:48","slug":"vereador-sargento-reginauro-vira-reu-por-crimes-militares-e-suposta-participacao-no-motim-da-pm-em-2020","status":"publish","type":"post","link":"https:\/\/blogdorogeriogomes.com.br\/noticias\/2022\/09\/vereador-sargento-reginauro-vira-reu-por-crimes-militares-e-suposta-participacao-no-motim-da-pm-em-2020\/","title":{"rendered":"Vereador Sargento Reginauro vira r\u00e9u por crimes militares e suposta participa\u00e7\u00e3o no motim da PM em 2020"},"content":{"rendered":"\n<p>O&nbsp;vereador de Fortaleza,&nbsp;Sargento Reginauro (Uni\u00e3o Brasil),&nbsp;virou&nbsp;r\u00e9u pelos crimes militares de&nbsp;motim, incitamento, alicia\u00e7\u00e3o para motim, omiss\u00e3o de lealdade e inobserv\u00e2ncia de lei, regulamento ou instru\u00e7\u00e3o. <\/p>\n\n\n\n<p>A Justi\u00e7a&nbsp;recebeu a den\u00fancia do Minist\u00e9rio P\u00fablico do Estado do Cear\u00e1 contra o parlamentar, nesta quarta-feira, dia 14 de setembro, por suposta participa\u00e7\u00e3o no motim das for\u00e7as de seguran\u00e7a no Cear\u00e1 em 2020.<\/p>\n\n\n\n<p>Com a decis\u00e3o, Reginauro tem&nbsp;at\u00e9 10 dias, ap\u00f3s cita\u00e7\u00e3o,&nbsp;para responder \u00e0 acusa\u00e7\u00e3o.&nbsp;A a\u00e7\u00e3o do Minist\u00e9rio P\u00fablico contou com intercepta\u00e7\u00e3o telef\u00f4nica, quebras de sigilos banc\u00e1rio e fiscal e depoimentos testemunhais.<\/p>\n\n\n\n<p>Em nota, Sargento Reginauro disse ter ficado surpreso com a den\u00fancia. &#8220;Essa surpresa se d\u00e1 pela den\u00fancia partir do MPCE, que, assim como eu, integrou a Comiss\u00e3o criada pelo governo para mediar o conflito, na figura do Procurador Geral de Justi\u00e7a, doutor Manoel Pinheiro. Ele \u00e9 testemunha de todo o meu esfor\u00e7o para por fim ao impasse entre o governo do Estado e os militares&#8221;.<\/p>\n\n\n\n<figure class=\"wp-block-image size-full\"><img loading=\"lazy\" decoding=\"async\" width=\"418\" height=\"314\" src=\"https:\/\/blogdorogeriogomes.com.br\/wp-content\/uploads\/2022\/09\/Reginauro.jpg\" alt=\"\" class=\"wp-image-26834\" srcset=\"https:\/\/blogdorogeriogomes.com.br\/noticias\/wp-content\/uploads\/2022\/09\/Reginauro.jpg 418w, https:\/\/blogdorogeriogomes.com.br\/noticias\/wp-content\/uploads\/2022\/09\/Reginauro-300x225.jpg 300w, https:\/\/blogdorogeriogomes.com.br\/noticias\/wp-content\/uploads\/2022\/09\/Reginauro-400x300.jpg 400w\" sizes=\"auto, (max-width: 418px) 100vw, 418px\" \/><\/figure>\n","protected":false},"excerpt":{"rendered":"<p>O&nbsp;vereador de Fortaleza,&nbsp;Sargento Reginauro (Uni\u00e3o Brasil),&nbsp;virou&nbsp;r\u00e9u pelos crimes militares de&nbsp;motim, incitamento, alicia\u00e7\u00e3o para motim, omiss\u00e3o de lealdade e inobserv\u00e2ncia de lei, regulamento ou instru\u00e7\u00e3o. A Justi\u00e7a&nbsp;recebeu a den\u00fancia do Minist\u00e9rio P\u00fablico do Estado do Cear\u00e1 contra o parlamentar, nesta quarta-feira, dia 14 de setembro, por suposta participa\u00e7\u00e3o no motim das for\u00e7as de seguran\u00e7a no Cear\u00e1 em 2020. Com a decis\u00e3o, Reginauro tem&nbsp;at\u00e9 10 dias, ap\u00f3s cita\u00e7\u00e3o,&nbsp;para responder \u00e0 acusa\u00e7\u00e3o.&nbsp;A a\u00e7\u00e3o do Minist\u00e9rio P\u00fablico contou com intercepta\u00e7\u00e3o telef\u00f4nica, quebras de&hellip;<\/p>\n","protected":false},"author":1,"featured_media":26834,"comment_status":"open","ping_status":"open","sticky":false,"template":"","format":"standard","meta":{"footnotes":""},"categories":[1],"tags":[],"class_list":["post-26833","post","type-post","status-publish","format-standard","has-post-thumbnail","hentry","category-noticias"],"_links":{"self":[{"href":"https:\/\/blogdorogeriogomes.com.br\/noticias\/wp-json\/wp\/v2\/posts\/26833","targetHints":{"allow":["GET"]}}],"collection":[{"href":"https:\/\/blogdorogeriogomes.com.br\/noticias\/wp-json\/wp\/v2\/posts"}],"about":[{"href":"https:\/\/blogdorogeriogomes.com.br\/noticias\/wp-json\/wp\/v2\/types\/post"}],"author":[{"embeddable":true,"href":"https:\/\/blogdorogeriogomes.com.br\/noticias\/wp-json\/wp\/v2\/users\/1"}],"replies":[{"embeddable":true,"href":"https:\/\/blogdorogeriogomes.com.br\/noticias\/wp-json\/wp\/v2\/comments?post=26833"}],"version-history":[{"count":2,"href":"https:\/\/blogdorogeriogomes.com.br\/noticias\/wp-json\/wp\/v2\/posts\/26833\/revisions"}],"predecessor-version":[{"id":26887,"href":"https:\/\/blogdorogeriogomes.com.br\/noticias\/wp-json\/wp\/v2\/posts\/26833\/revisions\/26887"}],"wp:featuredmedia":[{"embeddable":true,"href":"https:\/\/blogdorogeriogomes.com.br\/noticias\/wp-json\/wp\/v2\/media\/26834"}],"wp:attachment":[{"href":"https:\/\/blogdorogeriogomes.com.br\/noticias\/wp-json\/wp\/v2\/media?parent=26833"}],"wp:term":[{"taxonomy":"category","embeddable":true,"href":"https:\/\/blogdorogeriogomes.com.br\/noticias\/wp-json\/wp\/v2\/categories?post=26833"},{"taxonomy":"post_tag","embeddable":true,"href":"https:\/\/blogdorogeriogomes.com.br\/noticias\/wp-json\/wp\/v2\/tags?post=26833"}],"curies":[{"name":"wp","href":"https:\/\/api.w.org\/{rel}","templated":true}]}}