{"id":26836,"date":"2022-09-15T11:36:24","date_gmt":"2022-09-15T11:36:24","guid":{"rendered":"https:\/\/blogdorogeriogomes.com.br\/?p=26836"},"modified":"2022-09-19T23:48:06","modified_gmt":"2022-09-19T23:48:06","slug":"governo-bolsonaro-propoe-corte-de-mais-de-50-em-programas-mais-medicos-e-farmacia-popular-e-gera-alerta-na-campanha","status":"publish","type":"post","link":"https:\/\/blogdorogeriogomes.com.br\/noticias\/2022\/09\/governo-bolsonaro-propoe-corte-de-mais-de-50-em-programas-mais-medicos-e-farmacia-popular-e-gera-alerta-na-campanha\/","title":{"rendered":"Governo Bolsonaro prop\u00f5e corte de mais de 50% em programas Mais M\u00e9dicos e Farm\u00e1cia Popular e gera alerta na campanha"},"content":{"rendered":"\n<p>Mais uma m\u00e1 not\u00edcia para a popula\u00e7\u00e3o pobre e necessitada do Poder P\u00fablico. O Governo Bolsonaro enviou ao Congresso Nacional uma proposta de Or\u00e7amento para 2023 com um corte de ao menos 50% em verbas para bancar programas como Mais M\u00e9dicos, Farm\u00e1cia Popular e a sa\u00fade ind\u00edgena.<br>A menos de 20 dias das elei\u00e7\u00f5es, a tesourada acendeu um alerta na equipe de campanha de Bolsonaro, em especial quanto ao Farm\u00e1cia Popular, programa de distribui\u00e7\u00e3o gratuita ou com desconto de medicamentos.<br>A medida atingir\u00e1 programas centrais no atendimento \u00e0 popula\u00e7\u00e3o, o que deflagrou o temor de repercuss\u00e3o negativa nas urnas. Bolsonaro decidiu acionar os ministros da Sa\u00fade, Marcelo Queiroga, e da Economia, Paulo Guedes, para tentar rever o corte no Farm\u00e1cia Popular.<\/p>\n\n\n\n<figure class=\"wp-block-image size-full\"><img loading=\"lazy\" decoding=\"async\" width=\"1024\" height=\"683\" src=\"https:\/\/blogdorogeriogomes.com.br\/wp-content\/uploads\/2022\/09\/16318352296143d45df24fc_1631835229_3x2_lg.jpg\" alt=\"\" class=\"wp-image-26837\" srcset=\"https:\/\/blogdorogeriogomes.com.br\/noticias\/wp-content\/uploads\/2022\/09\/16318352296143d45df24fc_1631835229_3x2_lg.jpg 1024w, https:\/\/blogdorogeriogomes.com.br\/noticias\/wp-content\/uploads\/2022\/09\/16318352296143d45df24fc_1631835229_3x2_lg-300x200.jpg 300w, https:\/\/blogdorogeriogomes.com.br\/noticias\/wp-content\/uploads\/2022\/09\/16318352296143d45df24fc_1631835229_3x2_lg-768x512.jpg 768w, https:\/\/blogdorogeriogomes.com.br\/noticias\/wp-content\/uploads\/2022\/09\/16318352296143d45df24fc_1631835229_3x2_lg-800x534.jpg 800w\" sizes=\"auto, (max-width: 1024px) 100vw, 1024px\" \/><\/figure>\n\n\n\n<h1 class=\"wp-block-heading\"><\/h1>\n","protected":false},"excerpt":{"rendered":"<p>Mais uma m\u00e1 not\u00edcia para a popula\u00e7\u00e3o pobre e necessitada do Poder P\u00fablico. O Governo Bolsonaro enviou ao Congresso Nacional uma proposta de Or\u00e7amento para 2023 com um corte de ao menos 50% em verbas para bancar programas como Mais M\u00e9dicos, Farm\u00e1cia Popular e a sa\u00fade ind\u00edgena.A menos de 20 dias das elei\u00e7\u00f5es, a tesourada acendeu um alerta na equipe de campanha de Bolsonaro, em especial quanto ao Farm\u00e1cia Popular, programa de distribui\u00e7\u00e3o gratuita ou com desconto de medicamentos.A&hellip;<\/p>\n","protected":false},"author":1,"featured_media":26837,"comment_status":"open","ping_status":"open","sticky":false,"template":"","format":"standard","meta":{"footnotes":""},"categories":[1],"tags":[],"class_list":["post-26836","post","type-post","status-publish","format-standard","has-post-thumbnail","hentry","category-noticias"],"_links":{"self":[{"href":"https:\/\/blogdorogeriogomes.com.br\/noticias\/wp-json\/wp\/v2\/posts\/26836","targetHints":{"allow":["GET"]}}],"collection":[{"href":"https:\/\/blogdorogeriogomes.com.br\/noticias\/wp-json\/wp\/v2\/posts"}],"about":[{"href":"https:\/\/blogdorogeriogomes.com.br\/noticias\/wp-json\/wp\/v2\/types\/post"}],"author":[{"embeddable":true,"href":"https:\/\/blogdorogeriogomes.com.br\/noticias\/wp-json\/wp\/v2\/users\/1"}],"replies":[{"embeddable":true,"href":"https:\/\/blogdorogeriogomes.com.br\/noticias\/wp-json\/wp\/v2\/comments?post=26836"}],"version-history":[{"count":1,"href":"https:\/\/blogdorogeriogomes.com.br\/noticias\/wp-json\/wp\/v2\/posts\/26836\/revisions"}],"predecessor-version":[{"id":26838,"href":"https:\/\/blogdorogeriogomes.com.br\/noticias\/wp-json\/wp\/v2\/posts\/26836\/revisions\/26838"}],"wp:featuredmedia":[{"embeddable":true,"href":"https:\/\/blogdorogeriogomes.com.br\/noticias\/wp-json\/wp\/v2\/media\/26837"}],"wp:attachment":[{"href":"https:\/\/blogdorogeriogomes.com.br\/noticias\/wp-json\/wp\/v2\/media?parent=26836"}],"wp:term":[{"taxonomy":"category","embeddable":true,"href":"https:\/\/blogdorogeriogomes.com.br\/noticias\/wp-json\/wp\/v2\/categories?post=26836"},{"taxonomy":"post_tag","embeddable":true,"href":"https:\/\/blogdorogeriogomes.com.br\/noticias\/wp-json\/wp\/v2\/tags?post=26836"}],"curies":[{"name":"wp","href":"https:\/\/api.w.org\/{rel}","templated":true}]}}