{"id":26857,"date":"2022-09-16T10:19:31","date_gmt":"2022-09-16T10:19:31","guid":{"rendered":"https:\/\/blogdorogeriogomes.com.br\/?p=26857"},"modified":"2022-09-19T23:47:22","modified_gmt":"2022-09-19T23:47:22","slug":"cid-gomes-se-solidariza-com-governadora-e-diz-nao-deve-ser-favoravel-a-nenhuma-campanha-falar-mal-da-izolda","status":"publish","type":"post","link":"https:\/\/blogdorogeriogomes.com.br\/noticias\/2022\/09\/cid-gomes-se-solidariza-com-governadora-e-diz-nao-deve-ser-favoravel-a-nenhuma-campanha-falar-mal-da-izolda\/","title":{"rendered":"Cid Gomes se solidariza com governadora e diz: &#8220;N\u00e3o deve ser favor\u00e1vel a nenhuma campanha falar mal da Izolda&#8221;"},"content":{"rendered":"\n<p>O senador Cid Gomes (PDT) saiu em defesa da governadora Izolda Cela ap\u00f3s cr\u00edticas da campanha de Roberto Cl\u00e1udio (PDT) sobre uma suposta interfer\u00eancia do Governo em favor da candidatura de Elmano de Freitas (PT). Em entrevista, Cid Gomes afirmou: \u201cn\u00e3o deve ser favor\u00e1vel a nenhuma campanha falar mal da Izolda\u201d.<\/p>\n\n\n\n<p>O senador pedetista, que decidiu n\u00e3o se envolver na campanha de Roberto Cl\u00e1udio, enfatizou que Izolda Cela &#8220;era pr\u00e9- candidata e o partido escolheu outro. Ela teve uma postura serena de aceitar. Acho que deve ser respeitada\u201d.<\/p>\n\n\n\n<p>Segundo a \u00faltima pesquisa Ipespe, a governadora Izolda Cela teve 42% de avalia\u00e7\u00e3o \u00f3timo\/bom \u00e0 frente do Pal\u00e1cio da Aboli\u00e7\u00e3o.<\/p>\n\n\n\n<p>Nesta quinta-feira, dia 15 de setembro, em Sobral, a governadora Izolda Cela participou de um evento internacional da Funda\u00e7\u00e3o Lemann sobre a educa\u00e7\u00e3o do Cear\u00e1 e de Sobral. O encontro faz parte do Programa South-South e reuniu especialistas do Paquist\u00e3o e Qu\u00eania. &#8220;Junto com o senador Cid Gomes; prefeito Ivo Gomes; diretor da Associa\u00e7\u00e3o Bem-Comum, Veveu Arruda; e a diretora do Centro Lemann de Lideran\u00e7a para Equidade na Educa\u00e7\u00e3o, Anna Penido, trocamos ideias, informa\u00e7\u00f5es e experi\u00eancias com base no que se constr\u00f3i em Sobral h\u00e1 mais de duas d\u00e9cadas e tamb\u00e9m com a expans\u00e3o em nosso estado, com os passos e avan\u00e7os conquistado&#8221;, destacou Izolda Cela.<\/p>\n\n\n\n<figure class=\"wp-block-image size-full\"><img loading=\"lazy\" decoding=\"async\" width=\"853\" height=\"568\" src=\"https:\/\/blogdorogeriogomes.com.br\/wp-content\/uploads\/2022\/09\/IMG-20220915-WA0163.jpg\" alt=\"\" class=\"wp-image-26859\" srcset=\"https:\/\/blogdorogeriogomes.com.br\/noticias\/wp-content\/uploads\/2022\/09\/IMG-20220915-WA0163.jpg 853w, https:\/\/blogdorogeriogomes.com.br\/noticias\/wp-content\/uploads\/2022\/09\/IMG-20220915-WA0163-300x200.jpg 300w, https:\/\/blogdorogeriogomes.com.br\/noticias\/wp-content\/uploads\/2022\/09\/IMG-20220915-WA0163-768x511.jpg 768w, https:\/\/blogdorogeriogomes.com.br\/noticias\/wp-content\/uploads\/2022\/09\/IMG-20220915-WA0163-800x533.jpg 800w\" sizes=\"auto, (max-width: 853px) 100vw, 853px\" \/><\/figure>\n\n\n\n<p><br><br><br><\/p>\n","protected":false},"excerpt":{"rendered":"<p>O senador Cid Gomes (PDT) saiu em defesa da governadora Izolda Cela ap\u00f3s cr\u00edticas da campanha de Roberto Cl\u00e1udio (PDT) sobre uma suposta interfer\u00eancia do Governo em favor da candidatura de Elmano de Freitas (PT). Em entrevista, Cid Gomes afirmou: \u201cn\u00e3o deve ser favor\u00e1vel a nenhuma campanha falar mal da Izolda\u201d. O senador pedetista, que decidiu n\u00e3o se envolver na campanha de Roberto Cl\u00e1udio, enfatizou que Izolda Cela &#8220;era pr\u00e9- candidata e o partido escolheu outro. Ela teve uma&hellip;<\/p>\n","protected":false},"author":1,"featured_media":26859,"comment_status":"open","ping_status":"open","sticky":false,"template":"","format":"standard","meta":{"footnotes":""},"categories":[1],"tags":[],"class_list":["post-26857","post","type-post","status-publish","format-standard","has-post-thumbnail","hentry","category-noticias"],"_links":{"self":[{"href":"https:\/\/blogdorogeriogomes.com.br\/noticias\/wp-json\/wp\/v2\/posts\/26857","targetHints":{"allow":["GET"]}}],"collection":[{"href":"https:\/\/blogdorogeriogomes.com.br\/noticias\/wp-json\/wp\/v2\/posts"}],"about":[{"href":"https:\/\/blogdorogeriogomes.com.br\/noticias\/wp-json\/wp\/v2\/types\/post"}],"author":[{"embeddable":true,"href":"https:\/\/blogdorogeriogomes.com.br\/noticias\/wp-json\/wp\/v2\/users\/1"}],"replies":[{"embeddable":true,"href":"https:\/\/blogdorogeriogomes.com.br\/noticias\/wp-json\/wp\/v2\/comments?post=26857"}],"version-history":[{"count":1,"href":"https:\/\/blogdorogeriogomes.com.br\/noticias\/wp-json\/wp\/v2\/posts\/26857\/revisions"}],"predecessor-version":[{"id":26860,"href":"https:\/\/blogdorogeriogomes.com.br\/noticias\/wp-json\/wp\/v2\/posts\/26857\/revisions\/26860"}],"wp:featuredmedia":[{"embeddable":true,"href":"https:\/\/blogdorogeriogomes.com.br\/noticias\/wp-json\/wp\/v2\/media\/26859"}],"wp:attachment":[{"href":"https:\/\/blogdorogeriogomes.com.br\/noticias\/wp-json\/wp\/v2\/media?parent=26857"}],"wp:term":[{"taxonomy":"category","embeddable":true,"href":"https:\/\/blogdorogeriogomes.com.br\/noticias\/wp-json\/wp\/v2\/categories?post=26857"},{"taxonomy":"post_tag","embeddable":true,"href":"https:\/\/blogdorogeriogomes.com.br\/noticias\/wp-json\/wp\/v2\/tags?post=26857"}],"curies":[{"name":"wp","href":"https:\/\/api.w.org\/{rel}","templated":true}]}}