{"id":26870,"date":"2022-09-17T11:36:15","date_gmt":"2022-09-17T11:36:15","guid":{"rendered":"https:\/\/blogdorogeriogomes.com.br\/?p=26870"},"modified":"2022-09-19T23:46:46","modified_gmt":"2022-09-19T23:46:46","slug":"tre-determina-a-retirada-de-propaganda-de-roberto-claudio-que-acusa-governo-de-izolda-cela-de-favorecer-elmano-de-freitas","status":"publish","type":"post","link":"https:\/\/blogdorogeriogomes.com.br\/noticias\/2022\/09\/tre-determina-a-retirada-de-propaganda-de-roberto-claudio-que-acusa-governo-de-izolda-cela-de-favorecer-elmano-de-freitas\/","title":{"rendered":"TRE determina a retirada de propaganda de Roberto Cl\u00e1udio que acusa Governo de Izolda Cela de favorecer Elmano de Freitas"},"content":{"rendered":"\n<p>O Tribunal Regional Eleitoral do Cear\u00e1 determinou, nesta sexta-feira, dia 16 de setembro, a retirada de uma inser\u00e7\u00e3o eleitoral da campanha de Roberto Cl\u00e1udio (PDT) que associa a governadora Izolda Cela, o candidato ao Senado, Camilo Santana (PT), e o candidato ao Governo, Elmano Freitas (PT), a um suposto esquema de coopta\u00e7\u00e3o de prefeitos com uso de verbas p\u00fablicas em benef\u00edcio da campanha petista ao Governo do Estado.<\/p>\n\n\n\n<p>Quem assina a decis\u00e3o \u00e9 o desembargador Francisco Gladyson Pontes, que atendeu a uma representa\u00e7\u00e3o da Procuradoria-Geral do Estado. A PGE alegou, na peti\u00e7\u00e3o, que o v\u00eddeo veiculado pela campanha do pedetista cont\u00e9m \u201cgraves e falsas acusa\u00e7\u00f5es\u201d contra o Estado do Cear\u00e1, a partir de \u201cinsinua\u00e7\u00e3o do cometimento de crimes\u201d.<\/p>\n\n\n\n<figure class=\"wp-block-image size-full\"><img loading=\"lazy\" decoding=\"async\" width=\"658\" height=\"451\" src=\"https:\/\/blogdorogeriogomes.com.br\/wp-content\/uploads\/2022\/09\/IMG-20220916-WA0072.jpg\" alt=\"\" class=\"wp-image-26871\" srcset=\"https:\/\/blogdorogeriogomes.com.br\/noticias\/wp-content\/uploads\/2022\/09\/IMG-20220916-WA0072.jpg 658w, https:\/\/blogdorogeriogomes.com.br\/noticias\/wp-content\/uploads\/2022\/09\/IMG-20220916-WA0072-300x206.jpg 300w\" sizes=\"auto, (max-width: 658px) 100vw, 658px\" \/><\/figure>\n","protected":false},"excerpt":{"rendered":"<p>O Tribunal Regional Eleitoral do Cear\u00e1 determinou, nesta sexta-feira, dia 16 de setembro, a retirada de uma inser\u00e7\u00e3o eleitoral da campanha de Roberto Cl\u00e1udio (PDT) que associa a governadora Izolda Cela, o candidato ao Senado, Camilo Santana (PT), e o candidato ao Governo, Elmano Freitas (PT), a um suposto esquema de coopta\u00e7\u00e3o de prefeitos com uso de verbas p\u00fablicas em benef\u00edcio da campanha petista ao Governo do Estado. Quem assina a decis\u00e3o \u00e9 o desembargador Francisco Gladyson Pontes, que&hellip;<\/p>\n","protected":false},"author":1,"featured_media":26871,"comment_status":"open","ping_status":"open","sticky":false,"template":"","format":"standard","meta":{"footnotes":""},"categories":[1],"tags":[],"class_list":["post-26870","post","type-post","status-publish","format-standard","has-post-thumbnail","hentry","category-noticias"],"_links":{"self":[{"href":"https:\/\/blogdorogeriogomes.com.br\/noticias\/wp-json\/wp\/v2\/posts\/26870","targetHints":{"allow":["GET"]}}],"collection":[{"href":"https:\/\/blogdorogeriogomes.com.br\/noticias\/wp-json\/wp\/v2\/posts"}],"about":[{"href":"https:\/\/blogdorogeriogomes.com.br\/noticias\/wp-json\/wp\/v2\/types\/post"}],"author":[{"embeddable":true,"href":"https:\/\/blogdorogeriogomes.com.br\/noticias\/wp-json\/wp\/v2\/users\/1"}],"replies":[{"embeddable":true,"href":"https:\/\/blogdorogeriogomes.com.br\/noticias\/wp-json\/wp\/v2\/comments?post=26870"}],"version-history":[{"count":1,"href":"https:\/\/blogdorogeriogomes.com.br\/noticias\/wp-json\/wp\/v2\/posts\/26870\/revisions"}],"predecessor-version":[{"id":26872,"href":"https:\/\/blogdorogeriogomes.com.br\/noticias\/wp-json\/wp\/v2\/posts\/26870\/revisions\/26872"}],"wp:featuredmedia":[{"embeddable":true,"href":"https:\/\/blogdorogeriogomes.com.br\/noticias\/wp-json\/wp\/v2\/media\/26871"}],"wp:attachment":[{"href":"https:\/\/blogdorogeriogomes.com.br\/noticias\/wp-json\/wp\/v2\/media?parent=26870"}],"wp:term":[{"taxonomy":"category","embeddable":true,"href":"https:\/\/blogdorogeriogomes.com.br\/noticias\/wp-json\/wp\/v2\/categories?post=26870"},{"taxonomy":"post_tag","embeddable":true,"href":"https:\/\/blogdorogeriogomes.com.br\/noticias\/wp-json\/wp\/v2\/tags?post=26870"}],"curies":[{"name":"wp","href":"https:\/\/api.w.org\/{rel}","templated":true}]}}