{"id":26874,"date":"2022-09-17T11:51:22","date_gmt":"2022-09-17T11:51:22","guid":{"rendered":"https:\/\/blogdorogeriogomes.com.br\/?p=26874"},"modified":"2022-09-19T23:46:30","modified_gmt":"2022-09-19T23:46:30","slug":"uso-de-mascaras-faciais-no-transporte-publico-nao-e-mais-obrigatorio-diz-governo-estadual","status":"publish","type":"post","link":"https:\/\/blogdorogeriogomes.com.br\/noticias\/2022\/09\/uso-de-mascaras-faciais-no-transporte-publico-nao-e-mais-obrigatorio-diz-governo-estadual\/","title":{"rendered":"Uso de m\u00e1scaras faciais no transporte p\u00fablico n\u00e3o \u00e9 mais obrigat\u00f3rio, diz Governo Estadual"},"content":{"rendered":"\n<p>Diante do baixo registro de novos casos de Covid-19, a governadora do Cear\u00e1, Izolda Cela, determinou  que o uso de m\u00e1scaras no transporte coletivo deixa de ser obrigat\u00f3rio em todo o Estado. A decis\u00e3o foi tomada ap\u00f3s reuni\u00e3o com o comit\u00ea de combate \u00e0 Covid-19. A orienta\u00e7\u00e3o para usar m\u00e1scaras permanece em hospitais, cl\u00ednicas e outras unidades de sa\u00fade.<\/p>\n\n\n\n<p>Izolda Cela refor\u00e7ou, no entanto, que a popula\u00e7\u00e3o cearense continue procurando os postos de sa\u00fade para tomar as doses de refor\u00e7o da vacina contra o coronav\u00edrus. &#8220;\u00c9 importante continuar se prevenindo&#8221;, disse a governadora.<\/p>\n\n\n\n<figure class=\"wp-block-image size-large\"><img loading=\"lazy\" decoding=\"async\" width=\"1024\" height=\"576\" src=\"https:\/\/blogdorogeriogomes.com.br\/wp-content\/uploads\/2022\/09\/23-02-2022-etufor-1-1024x576.jpg\" alt=\"\" class=\"wp-image-26875\" srcset=\"https:\/\/blogdorogeriogomes.com.br\/noticias\/wp-content\/uploads\/2022\/09\/23-02-2022-etufor-1-1024x576.jpg 1024w, https:\/\/blogdorogeriogomes.com.br\/noticias\/wp-content\/uploads\/2022\/09\/23-02-2022-etufor-1-300x169.jpg 300w, https:\/\/blogdorogeriogomes.com.br\/noticias\/wp-content\/uploads\/2022\/09\/23-02-2022-etufor-1-768x432.jpg 768w, https:\/\/blogdorogeriogomes.com.br\/noticias\/wp-content\/uploads\/2022\/09\/23-02-2022-etufor-1-800x450.jpg 800w, https:\/\/blogdorogeriogomes.com.br\/noticias\/wp-content\/uploads\/2022\/09\/23-02-2022-etufor-1.jpg 1080w\" sizes=\"auto, (max-width: 1024px) 100vw, 1024px\" \/><\/figure>\n","protected":false},"excerpt":{"rendered":"<p>Diante do baixo registro de novos casos de Covid-19, a governadora do Cear\u00e1, Izolda Cela, determinou que o uso de m\u00e1scaras no transporte coletivo deixa de ser obrigat\u00f3rio em todo o Estado. A decis\u00e3o foi tomada ap\u00f3s reuni\u00e3o com o comit\u00ea de combate \u00e0 Covid-19. A orienta\u00e7\u00e3o para usar m\u00e1scaras permanece em hospitais, cl\u00ednicas e outras unidades de sa\u00fade. Izolda Cela refor\u00e7ou, no entanto, que a popula\u00e7\u00e3o cearense continue procurando os postos de sa\u00fade para tomar as doses de&hellip;<\/p>\n","protected":false},"author":1,"featured_media":26875,"comment_status":"open","ping_status":"open","sticky":false,"template":"","format":"standard","meta":{"footnotes":""},"categories":[1],"tags":[],"class_list":["post-26874","post","type-post","status-publish","format-standard","has-post-thumbnail","hentry","category-noticias"],"_links":{"self":[{"href":"https:\/\/blogdorogeriogomes.com.br\/noticias\/wp-json\/wp\/v2\/posts\/26874","targetHints":{"allow":["GET"]}}],"collection":[{"href":"https:\/\/blogdorogeriogomes.com.br\/noticias\/wp-json\/wp\/v2\/posts"}],"about":[{"href":"https:\/\/blogdorogeriogomes.com.br\/noticias\/wp-json\/wp\/v2\/types\/post"}],"author":[{"embeddable":true,"href":"https:\/\/blogdorogeriogomes.com.br\/noticias\/wp-json\/wp\/v2\/users\/1"}],"replies":[{"embeddable":true,"href":"https:\/\/blogdorogeriogomes.com.br\/noticias\/wp-json\/wp\/v2\/comments?post=26874"}],"version-history":[{"count":1,"href":"https:\/\/blogdorogeriogomes.com.br\/noticias\/wp-json\/wp\/v2\/posts\/26874\/revisions"}],"predecessor-version":[{"id":26876,"href":"https:\/\/blogdorogeriogomes.com.br\/noticias\/wp-json\/wp\/v2\/posts\/26874\/revisions\/26876"}],"wp:featuredmedia":[{"embeddable":true,"href":"https:\/\/blogdorogeriogomes.com.br\/noticias\/wp-json\/wp\/v2\/media\/26875"}],"wp:attachment":[{"href":"https:\/\/blogdorogeriogomes.com.br\/noticias\/wp-json\/wp\/v2\/media?parent=26874"}],"wp:term":[{"taxonomy":"category","embeddable":true,"href":"https:\/\/blogdorogeriogomes.com.br\/noticias\/wp-json\/wp\/v2\/categories?post=26874"},{"taxonomy":"post_tag","embeddable":true,"href":"https:\/\/blogdorogeriogomes.com.br\/noticias\/wp-json\/wp\/v2\/tags?post=26874"}],"curies":[{"name":"wp","href":"https:\/\/api.w.org\/{rel}","templated":true}]}}