{"id":26897,"date":"2022-09-20T11:20:54","date_gmt":"2022-09-20T11:20:54","guid":{"rendered":"https:\/\/blogdorogeriogomes.com.br\/?p=26897"},"modified":"2022-09-20T11:20:55","modified_gmt":"2022-09-20T11:20:55","slug":"ministros-do-stf-nao-descartam-a-possibilidade-de-derrubar-orcamento-secreto-no-congresso-apos-eleicoes","status":"publish","type":"post","link":"https:\/\/blogdorogeriogomes.com.br\/noticias\/2022\/09\/ministros-do-stf-nao-descartam-a-possibilidade-de-derrubar-orcamento-secreto-no-congresso-apos-eleicoes\/","title":{"rendered":"Ministros do STF n\u00e3o descartam a possibilidade de derrubar &#8220;or\u00e7amento secreto&#8221; no Congresso ap\u00f3s elei\u00e7\u00f5es"},"content":{"rendered":"\n<p>Reportagem da colunista do UOL, Carolina Br\u00edgido, revela que ministros do Supremo Tribunal Federal (STF) costuram nos bastidores derrubar, at\u00e9 o fim do ano, o or\u00e7amento secreto. A ideia \u00e9 julgar no plen\u00e1rio depois das elei\u00e7\u00f5es o processo que questiona a legalidade das emendas de relator. A ministra Rosa Weber, que assumiu a presid\u00eancia da Corte na semana passada, \u00e9 a relatora do caso.<\/p>\n\n\n\n<p>Rosa poderia ter abdicado do processo quando assumiu o cargo, mas preferiu leva-lo com ela. Segundo o Regimento Interno do tribunal, o presidente pode continuar com a relatoria de causas prontas para julgamento. Com a a\u00e7\u00e3o em m\u00e3os, a ministra tem o poder de decidir quando liber\u00e1-la para o plen\u00e1rio.<\/p>\n\n\n\n<p>A decis\u00e3o beneficiaria o ex-presidente Lula (PT). Se o petista vencer a elei\u00e7\u00e3o, j\u00e1 iniciaria o mandato com uma regra transparente para elaborar o primeiro or\u00e7amento de sua gest\u00e3o.<\/p>\n\n\n\n<figure class=\"wp-block-image size-full\"><img loading=\"lazy\" decoding=\"async\" width=\"984\" height=\"656\" src=\"https:\/\/blogdorogeriogomes.com.br\/wp-content\/uploads\/2022\/09\/52352509952-985b2f49f4-c.jpg\" alt=\"\" class=\"wp-image-26898\" srcset=\"https:\/\/blogdorogeriogomes.com.br\/noticias\/wp-content\/uploads\/2022\/09\/52352509952-985b2f49f4-c.jpg 984w, https:\/\/blogdorogeriogomes.com.br\/noticias\/wp-content\/uploads\/2022\/09\/52352509952-985b2f49f4-c-300x200.jpg 300w, https:\/\/blogdorogeriogomes.com.br\/noticias\/wp-content\/uploads\/2022\/09\/52352509952-985b2f49f4-c-768x512.jpg 768w, https:\/\/blogdorogeriogomes.com.br\/noticias\/wp-content\/uploads\/2022\/09\/52352509952-985b2f49f4-c-800x533.jpg 800w\" sizes=\"auto, (max-width: 984px) 100vw, 984px\" \/><\/figure>\n","protected":false},"excerpt":{"rendered":"<p>Reportagem da colunista do UOL, Carolina Br\u00edgido, revela que ministros do Supremo Tribunal Federal (STF) costuram nos bastidores derrubar, at\u00e9 o fim do ano, o or\u00e7amento secreto. A ideia \u00e9 julgar no plen\u00e1rio depois das elei\u00e7\u00f5es o processo que questiona a legalidade das emendas de relator. A ministra Rosa Weber, que assumiu a presid\u00eancia da Corte na semana passada, \u00e9 a relatora do caso. Rosa poderia ter abdicado do processo quando assumiu o cargo, mas preferiu leva-lo com ela.&hellip;<\/p>\n","protected":false},"author":1,"featured_media":0,"comment_status":"open","ping_status":"open","sticky":false,"template":"","format":"standard","meta":{"footnotes":""},"categories":[1],"tags":[],"class_list":["post-26897","post","type-post","status-publish","format-standard","hentry","category-noticias"],"_links":{"self":[{"href":"https:\/\/blogdorogeriogomes.com.br\/noticias\/wp-json\/wp\/v2\/posts\/26897","targetHints":{"allow":["GET"]}}],"collection":[{"href":"https:\/\/blogdorogeriogomes.com.br\/noticias\/wp-json\/wp\/v2\/posts"}],"about":[{"href":"https:\/\/blogdorogeriogomes.com.br\/noticias\/wp-json\/wp\/v2\/types\/post"}],"author":[{"embeddable":true,"href":"https:\/\/blogdorogeriogomes.com.br\/noticias\/wp-json\/wp\/v2\/users\/1"}],"replies":[{"embeddable":true,"href":"https:\/\/blogdorogeriogomes.com.br\/noticias\/wp-json\/wp\/v2\/comments?post=26897"}],"version-history":[{"count":1,"href":"https:\/\/blogdorogeriogomes.com.br\/noticias\/wp-json\/wp\/v2\/posts\/26897\/revisions"}],"predecessor-version":[{"id":26899,"href":"https:\/\/blogdorogeriogomes.com.br\/noticias\/wp-json\/wp\/v2\/posts\/26897\/revisions\/26899"}],"wp:attachment":[{"href":"https:\/\/blogdorogeriogomes.com.br\/noticias\/wp-json\/wp\/v2\/media?parent=26897"}],"wp:term":[{"taxonomy":"category","embeddable":true,"href":"https:\/\/blogdorogeriogomes.com.br\/noticias\/wp-json\/wp\/v2\/categories?post=26897"},{"taxonomy":"post_tag","embeddable":true,"href":"https:\/\/blogdorogeriogomes.com.br\/noticias\/wp-json\/wp\/v2\/tags?post=26897"}],"curies":[{"name":"wp","href":"https:\/\/api.w.org\/{rel}","templated":true}]}}