{"id":26901,"date":"2022-09-20T23:35:43","date_gmt":"2022-09-20T23:35:43","guid":{"rendered":"https:\/\/blogdorogeriogomes.com.br\/?p=26901"},"modified":"2022-09-20T23:35:44","modified_gmt":"2022-09-20T23:35:44","slug":"corte-federal-no-orcamento-de-farmacias-populares-pode-atingir-mais-de-500-unidades-no-ceara","status":"publish","type":"post","link":"https:\/\/blogdorogeriogomes.com.br\/noticias\/2022\/09\/corte-federal-no-orcamento-de-farmacias-populares-pode-atingir-mais-de-500-unidades-no-ceara\/","title":{"rendered":"Corte federal no or\u00e7amento de farm\u00e1cias populares pode atingir mais de 500 unidades no Cear\u00e1"},"content":{"rendered":"\n<p>O Governo Federal enviou um projeto para o Congresso Nacional em que estabelece o investimento de\u00a0R$ 841 milh\u00f5es para a distribui\u00e7\u00e3o de medicamentos gratuitos pelas farm\u00e1cias populares do Pa\u00eds no pr\u00f3ximo ano. Esse valor \u00e9 58,7% menor do que o recurso de 2022, que \u00e9 de R$ 2,04 bilh\u00f5es.<\/p>\n\n\n\n<p>Diante do corte previsto no or\u00e7amento federal para 2023, pacientes que precisam de tratamento contra doen\u00e7as cr\u00f4nicas, como hipertens\u00e3o, diabetes e asma, poder\u00e3o ter ainda mais dificuldade para encontrar\u00a0medicamentos das Farm\u00e1cias Populares. <\/p>\n\n\n\n<p>No Cear\u00e1, o corte or\u00e7ament\u00e1rio federal deve atingir pelo menos 520 farm\u00e1cias populares, que tamb\u00e9m disponibilizam rem\u00e9dios e fraldas geri\u00e1tricas com valor abaixo do mercado devido ao sistema de co-pagamento, que \u00e9 quando a Uni\u00e3o paga boa parte do produto.<\/p>\n\n\n\n<figure class=\"wp-block-image size-full\"><img loading=\"lazy\" decoding=\"async\" width=\"738\" height=\"416\" src=\"https:\/\/blogdorogeriogomes.com.br\/wp-content\/uploads\/2022\/09\/images-14.jpeg\" alt=\"\" class=\"wp-image-26902\" srcset=\"https:\/\/blogdorogeriogomes.com.br\/noticias\/wp-content\/uploads\/2022\/09\/images-14.jpeg 738w, https:\/\/blogdorogeriogomes.com.br\/noticias\/wp-content\/uploads\/2022\/09\/images-14-300x169.jpeg 300w\" sizes=\"auto, (max-width: 738px) 100vw, 738px\" \/><\/figure>\n","protected":false},"excerpt":{"rendered":"<p>O Governo Federal enviou um projeto para o Congresso Nacional em que estabelece o investimento de\u00a0R$ 841 milh\u00f5es para a distribui\u00e7\u00e3o de medicamentos gratuitos pelas farm\u00e1cias populares do Pa\u00eds no pr\u00f3ximo ano. Esse valor \u00e9 58,7% menor do que o recurso de 2022, que \u00e9 de R$ 2,04 bilh\u00f5es. Diante do corte previsto no or\u00e7amento federal para 2023, pacientes que precisam de tratamento contra doen\u00e7as cr\u00f4nicas, como hipertens\u00e3o, diabetes e asma, poder\u00e3o ter ainda mais dificuldade para encontrar\u00a0medicamentos das&hellip;<\/p>\n","protected":false},"author":1,"featured_media":0,"comment_status":"open","ping_status":"open","sticky":false,"template":"","format":"standard","meta":{"footnotes":""},"categories":[1],"tags":[],"class_list":["post-26901","post","type-post","status-publish","format-standard","hentry","category-noticias"],"_links":{"self":[{"href":"https:\/\/blogdorogeriogomes.com.br\/noticias\/wp-json\/wp\/v2\/posts\/26901","targetHints":{"allow":["GET"]}}],"collection":[{"href":"https:\/\/blogdorogeriogomes.com.br\/noticias\/wp-json\/wp\/v2\/posts"}],"about":[{"href":"https:\/\/blogdorogeriogomes.com.br\/noticias\/wp-json\/wp\/v2\/types\/post"}],"author":[{"embeddable":true,"href":"https:\/\/blogdorogeriogomes.com.br\/noticias\/wp-json\/wp\/v2\/users\/1"}],"replies":[{"embeddable":true,"href":"https:\/\/blogdorogeriogomes.com.br\/noticias\/wp-json\/wp\/v2\/comments?post=26901"}],"version-history":[{"count":1,"href":"https:\/\/blogdorogeriogomes.com.br\/noticias\/wp-json\/wp\/v2\/posts\/26901\/revisions"}],"predecessor-version":[{"id":26903,"href":"https:\/\/blogdorogeriogomes.com.br\/noticias\/wp-json\/wp\/v2\/posts\/26901\/revisions\/26903"}],"wp:attachment":[{"href":"https:\/\/blogdorogeriogomes.com.br\/noticias\/wp-json\/wp\/v2\/media?parent=26901"}],"wp:term":[{"taxonomy":"category","embeddable":true,"href":"https:\/\/blogdorogeriogomes.com.br\/noticias\/wp-json\/wp\/v2\/categories?post=26901"},{"taxonomy":"post_tag","embeddable":true,"href":"https:\/\/blogdorogeriogomes.com.br\/noticias\/wp-json\/wp\/v2\/tags?post=26901"}],"curies":[{"name":"wp","href":"https:\/\/api.w.org\/{rel}","templated":true}]}}