{"id":26909,"date":"2022-09-21T10:46:16","date_gmt":"2022-09-21T10:46:16","guid":{"rendered":"https:\/\/blogdorogeriogomes.com.br\/?p=26909"},"modified":"2022-09-21T10:46:17","modified_gmt":"2022-09-21T10:46:17","slug":"geraldo-alckmin-faz-ofensiva-em-redutos-bolsonaristas-por-vitoria-no-1-turno","status":"publish","type":"post","link":"https:\/\/blogdorogeriogomes.com.br\/noticias\/2022\/09\/geraldo-alckmin-faz-ofensiva-em-redutos-bolsonaristas-por-vitoria-no-1-turno\/","title":{"rendered":"Geraldo Alckmin faz ofensiva em redutos bolsonaristas por vit\u00f3ria no 1\u00b0 turno"},"content":{"rendered":"\n<p>O ex-governador Geraldo Alckmin (PSB) come\u00e7a nesta quarta-feira, dia 21 de setembro, uma viagem a redutos bolsonaristas do Centro-Oeste e do Norte sem o ex-presidente Luiz In\u00e1cio Lula da Silva (PT). Com objetivo de se encontrar com representantes do agroneg\u00f3cio, setor de grande apoio ao presidente Jair Bolsonaro (PL), Alckmin passar\u00e1 dois dias entre Goi\u00e1s, Mato Grosso e Rond\u00f4nia.<\/p>\n\n\n\n<p>Lula seguir\u00e1 o plano de focar no Sudeste nesta reta final. A menos de 15 dias das elei\u00e7\u00f5es, o objetivo da campanha \u00e9 ampliar a vantagem necess\u00e1ria para garantir uma poss\u00edvel vit\u00f3ria no primeiro turno.<\/p>\n\n\n\n<p>Enquanto Geraldo Alckmin fala sobre economia e neg\u00f3cios a um p\u00fablico mais conservador, Lula tenta chegar ao maior n\u00famero de pessoas poss\u00edvel, com grandes com\u00edcios e foco nas classes m\u00e9dia e baixa.<br><\/p>\n\n\n\n<figure class=\"wp-block-image size-full\"><img loading=\"lazy\" decoding=\"async\" width=\"450\" height=\"337\" src=\"https:\/\/blogdorogeriogomes.com.br\/wp-content\/uploads\/2022\/09\/lula-e-alckmin-em-evento-no-vale-do-anhangabau-em-sao-paulo-objetivo-agora-e-chegar-a-cada-vez-mais-eleitores-1663710307650_v2_450x337.jpg.webp\" alt=\"\" class=\"wp-image-26910\" srcset=\"https:\/\/blogdorogeriogomes.com.br\/noticias\/wp-content\/uploads\/2022\/09\/lula-e-alckmin-em-evento-no-vale-do-anhangabau-em-sao-paulo-objetivo-agora-e-chegar-a-cada-vez-mais-eleitores-1663710307650_v2_450x337.jpg.webp 450w, https:\/\/blogdorogeriogomes.com.br\/noticias\/wp-content\/uploads\/2022\/09\/lula-e-alckmin-em-evento-no-vale-do-anhangabau-em-sao-paulo-objetivo-agora-e-chegar-a-cada-vez-mais-eleitores-1663710307650_v2_450x337.jpg-300x225.webp 300w, https:\/\/blogdorogeriogomes.com.br\/noticias\/wp-content\/uploads\/2022\/09\/lula-e-alckmin-em-evento-no-vale-do-anhangabau-em-sao-paulo-objetivo-agora-e-chegar-a-cada-vez-mais-eleitores-1663710307650_v2_450x337.jpg-400x300.webp 400w\" sizes=\"auto, (max-width: 450px) 100vw, 450px\" \/><\/figure>\n","protected":false},"excerpt":{"rendered":"<p>O ex-governador Geraldo Alckmin (PSB) come\u00e7a nesta quarta-feira, dia 21 de setembro, uma viagem a redutos bolsonaristas do Centro-Oeste e do Norte sem o ex-presidente Luiz In\u00e1cio Lula da Silva (PT). Com objetivo de se encontrar com representantes do agroneg\u00f3cio, setor de grande apoio ao presidente Jair Bolsonaro (PL), Alckmin passar\u00e1 dois dias entre Goi\u00e1s, Mato Grosso e Rond\u00f4nia. Lula seguir\u00e1 o plano de focar no Sudeste nesta reta final. A menos de 15 dias das elei\u00e7\u00f5es, o objetivo&hellip;<\/p>\n","protected":false},"author":1,"featured_media":0,"comment_status":"open","ping_status":"open","sticky":false,"template":"","format":"standard","meta":{"footnotes":""},"categories":[1],"tags":[],"class_list":["post-26909","post","type-post","status-publish","format-standard","hentry","category-noticias"],"_links":{"self":[{"href":"https:\/\/blogdorogeriogomes.com.br\/noticias\/wp-json\/wp\/v2\/posts\/26909","targetHints":{"allow":["GET"]}}],"collection":[{"href":"https:\/\/blogdorogeriogomes.com.br\/noticias\/wp-json\/wp\/v2\/posts"}],"about":[{"href":"https:\/\/blogdorogeriogomes.com.br\/noticias\/wp-json\/wp\/v2\/types\/post"}],"author":[{"embeddable":true,"href":"https:\/\/blogdorogeriogomes.com.br\/noticias\/wp-json\/wp\/v2\/users\/1"}],"replies":[{"embeddable":true,"href":"https:\/\/blogdorogeriogomes.com.br\/noticias\/wp-json\/wp\/v2\/comments?post=26909"}],"version-history":[{"count":1,"href":"https:\/\/blogdorogeriogomes.com.br\/noticias\/wp-json\/wp\/v2\/posts\/26909\/revisions"}],"predecessor-version":[{"id":26911,"href":"https:\/\/blogdorogeriogomes.com.br\/noticias\/wp-json\/wp\/v2\/posts\/26909\/revisions\/26911"}],"wp:attachment":[{"href":"https:\/\/blogdorogeriogomes.com.br\/noticias\/wp-json\/wp\/v2\/media?parent=26909"}],"wp:term":[{"taxonomy":"category","embeddable":true,"href":"https:\/\/blogdorogeriogomes.com.br\/noticias\/wp-json\/wp\/v2\/categories?post=26909"},{"taxonomy":"post_tag","embeddable":true,"href":"https:\/\/blogdorogeriogomes.com.br\/noticias\/wp-json\/wp\/v2\/tags?post=26909"}],"curies":[{"name":"wp","href":"https:\/\/api.w.org\/{rel}","templated":true}]}}