{"id":26912,"date":"2022-09-21T11:12:04","date_gmt":"2022-09-21T11:12:04","guid":{"rendered":"https:\/\/blogdorogeriogomes.com.br\/?p=26912"},"modified":"2022-09-21T11:12:05","modified_gmt":"2022-09-21T11:12:05","slug":"fortaleza-registra-zero-por-cento-de-positividade-em-testes-de-covid-19-pela-primeira-vez-desde-o-inicio-da-pandemia-e-reforca-vacinacao-de-criancas","status":"publish","type":"post","link":"https:\/\/blogdorogeriogomes.com.br\/noticias\/2022\/09\/fortaleza-registra-zero-por-cento-de-positividade-em-testes-de-covid-19-pela-primeira-vez-desde-o-inicio-da-pandemia-e-reforca-vacinacao-de-criancas\/","title":{"rendered":"Fortaleza registra zero por cento de positividade em testes de Covid-19 pela primeira vez desde o in\u00edcio da pandemia e refor\u00e7a vacina\u00e7\u00e3o de crian\u00e7as"},"content":{"rendered":"\n<p>Fortaleza registrou zero por cento de positividade em testes de Covid-19 analisados por laborat\u00f3rios da rede p\u00fablica pela primeira vez desde o in\u00edcio da pandemia de coronav\u00edrus. Ao todo, 590 amostras foram analisadas entre 13 e 19 de setembro, e todas deram negativo para Sars-Cov-2. Os dados foram apresentados em um boletim epidemiol\u00f3gico divulgado pela Secretaria Municipal de Sa\u00fade nesta ter\u00e7a-feira, dia 20 de setembro.<\/p>\n\n\n\n<p>E a preven\u00e7\u00e3o continua sendo o caminho para evitar o aumento nos \u00edndices de outras doen\u00e7as. A Prefeitura de Fortaleza, por meio da Secretaria Municipal da Sa\u00fade (SMS) d\u00e1 continuidade \u00e0 vacina\u00e7\u00e3o de crian\u00e7as em idade escolar nas institui\u00e7\u00f5es p\u00fablicas e privadas de ensino, em Fortaleza, contra a Poliomielite, Covid-19, Meningoc\u00f3cica ACWY e o HPV. O objetivo \u00e9 ampliar a cobertura vacinal na faixa et\u00e1ria de 1 a 14 anos, garantindo a imuniza\u00e7\u00e3o ao maior n\u00famero de crian\u00e7as poss\u00edvel.<\/p>\n\n\n\n<p>As visitas de equipes a escolas e creches haviam sido interrompidas durante a pandemia e visam ampliar a cobertura vacinal de crian\u00e7as e jovens.<\/p>\n\n\n\n<figure class=\"wp-block-image size-large\"><img loading=\"lazy\" decoding=\"async\" width=\"1024\" height=\"602\" src=\"https:\/\/blogdorogeriogomes.com.br\/wp-content\/uploads\/2022\/09\/20-09-2022-SMS-IMG_0391-1024x602.jpg\" alt=\"\" class=\"wp-image-26913\" srcset=\"https:\/\/blogdorogeriogomes.com.br\/noticias\/wp-content\/uploads\/2022\/09\/20-09-2022-SMS-IMG_0391-1024x602.jpg 1024w, https:\/\/blogdorogeriogomes.com.br\/noticias\/wp-content\/uploads\/2022\/09\/20-09-2022-SMS-IMG_0391-300x176.jpg 300w, https:\/\/blogdorogeriogomes.com.br\/noticias\/wp-content\/uploads\/2022\/09\/20-09-2022-SMS-IMG_0391-768x451.jpg 768w, https:\/\/blogdorogeriogomes.com.br\/noticias\/wp-content\/uploads\/2022\/09\/20-09-2022-SMS-IMG_0391-1536x902.jpg 1536w, https:\/\/blogdorogeriogomes.com.br\/noticias\/wp-content\/uploads\/2022\/09\/20-09-2022-SMS-IMG_0391-800x470.jpg 800w, https:\/\/blogdorogeriogomes.com.br\/noticias\/wp-content\/uploads\/2022\/09\/20-09-2022-SMS-IMG_0391.jpg 1978w\" sizes=\"auto, (max-width: 1024px) 100vw, 1024px\" \/><\/figure>\n","protected":false},"excerpt":{"rendered":"<p>Fortaleza registrou zero por cento de positividade em testes de Covid-19 analisados por laborat\u00f3rios da rede p\u00fablica pela primeira vez desde o in\u00edcio da pandemia de coronav\u00edrus. Ao todo, 590 amostras foram analisadas entre 13 e 19 de setembro, e todas deram negativo para Sars-Cov-2. Os dados foram apresentados em um boletim epidemiol\u00f3gico divulgado pela Secretaria Municipal de Sa\u00fade nesta ter\u00e7a-feira, dia 20 de setembro. E a preven\u00e7\u00e3o continua sendo o caminho para evitar o aumento nos \u00edndices de&hellip;<\/p>\n","protected":false},"author":1,"featured_media":0,"comment_status":"open","ping_status":"open","sticky":false,"template":"","format":"standard","meta":{"footnotes":""},"categories":[1],"tags":[],"class_list":["post-26912","post","type-post","status-publish","format-standard","hentry","category-noticias"],"_links":{"self":[{"href":"https:\/\/blogdorogeriogomes.com.br\/noticias\/wp-json\/wp\/v2\/posts\/26912","targetHints":{"allow":["GET"]}}],"collection":[{"href":"https:\/\/blogdorogeriogomes.com.br\/noticias\/wp-json\/wp\/v2\/posts"}],"about":[{"href":"https:\/\/blogdorogeriogomes.com.br\/noticias\/wp-json\/wp\/v2\/types\/post"}],"author":[{"embeddable":true,"href":"https:\/\/blogdorogeriogomes.com.br\/noticias\/wp-json\/wp\/v2\/users\/1"}],"replies":[{"embeddable":true,"href":"https:\/\/blogdorogeriogomes.com.br\/noticias\/wp-json\/wp\/v2\/comments?post=26912"}],"version-history":[{"count":1,"href":"https:\/\/blogdorogeriogomes.com.br\/noticias\/wp-json\/wp\/v2\/posts\/26912\/revisions"}],"predecessor-version":[{"id":26914,"href":"https:\/\/blogdorogeriogomes.com.br\/noticias\/wp-json\/wp\/v2\/posts\/26912\/revisions\/26914"}],"wp:attachment":[{"href":"https:\/\/blogdorogeriogomes.com.br\/noticias\/wp-json\/wp\/v2\/media?parent=26912"}],"wp:term":[{"taxonomy":"category","embeddable":true,"href":"https:\/\/blogdorogeriogomes.com.br\/noticias\/wp-json\/wp\/v2\/categories?post=26912"},{"taxonomy":"post_tag","embeddable":true,"href":"https:\/\/blogdorogeriogomes.com.br\/noticias\/wp-json\/wp\/v2\/tags?post=26912"}],"curies":[{"name":"wp","href":"https:\/\/api.w.org\/{rel}","templated":true}]}}