{"id":26919,"date":"2022-09-21T22:31:40","date_gmt":"2022-09-21T22:31:40","guid":{"rendered":"https:\/\/blogdorogeriogomes.com.br\/?p=26919"},"modified":"2022-09-21T22:31:41","modified_gmt":"2022-09-21T22:31:41","slug":"governadora-izolda-cela-anuncia-concurso-publico-para-a-cagece","status":"publish","type":"post","link":"https:\/\/blogdorogeriogomes.com.br\/noticias\/2022\/09\/governadora-izolda-cela-anuncia-concurso-publico-para-a-cagece\/","title":{"rendered":"Governadora Izolda Cela anuncia concurso p\u00fablico para a Cagece"},"content":{"rendered":"\n<p>A governadora do Cear\u00e1, Izolda Cela, anunciou nesta quarta-feira, dia 21 de setembro, um concurso p\u00fablico para a Cagece. Est\u00e3o previstas 262 vagas para n\u00edveis t\u00e9cnico e superior. As remunera\u00e7\u00f5es previstas variam de R$ 4.297 a R$ 10.312, dependendo do n\u00edvel da fun\u00e7\u00e3o. Izolda fez o an\u00fancio ao lado do presidente da Cagece, Neuri Freitas, pelas redes sociais.<br>As vagas na Companhia de \u00c1gua e Esgoto do Cear\u00e1 ser\u00e3o distribu\u00eddas entre cargos de advogado, arquiteto e analista de gest\u00e3o. Para este \u00faltimo, os candidatos poder\u00e3o ter forma\u00e7\u00e3o em administra\u00e7\u00e3o, contabilidade e na \u00e1rea de Tecnologia da Informa\u00e7\u00e3o (TI), dentre outras. Tamb\u00e9m h\u00e1 vagas para m\u00e9dico do trabalho, engenheiro e \u00e1rea t\u00e9cnica.<\/p>\n\n\n\n<p>O pedido para realiza\u00e7\u00e3o do concurso na Cagece ser\u00e1 enviado \u00e0 Assembleia Legislativa do Cear\u00e1 para autoriza\u00e7\u00e3o e em seguida haver\u00e1 o lan\u00e7amento do edital e realiza\u00e7\u00e3o do certame.<\/p>\n\n\n\n<figure class=\"wp-block-image size-full\"><img loading=\"lazy\" decoding=\"async\" width=\"818\" height=\"459\" src=\"https:\/\/blogdorogeriogomes.com.br\/wp-content\/uploads\/2022\/09\/1_izolda_cagece_neuri_concurso-19755982.jpg\" alt=\"\" class=\"wp-image-26920\" srcset=\"https:\/\/blogdorogeriogomes.com.br\/noticias\/wp-content\/uploads\/2022\/09\/1_izolda_cagece_neuri_concurso-19755982.jpg 818w, https:\/\/blogdorogeriogomes.com.br\/noticias\/wp-content\/uploads\/2022\/09\/1_izolda_cagece_neuri_concurso-19755982-300x168.jpg 300w, https:\/\/blogdorogeriogomes.com.br\/noticias\/wp-content\/uploads\/2022\/09\/1_izolda_cagece_neuri_concurso-19755982-768x431.jpg 768w, https:\/\/blogdorogeriogomes.com.br\/noticias\/wp-content\/uploads\/2022\/09\/1_izolda_cagece_neuri_concurso-19755982-800x449.jpg 800w\" sizes=\"auto, (max-width: 818px) 100vw, 818px\" \/><\/figure>\n\n\n\n<p><br><\/p>\n\n\n\n<p><br><br><\/p>\n","protected":false},"excerpt":{"rendered":"<p>A governadora do Cear\u00e1, Izolda Cela, anunciou nesta quarta-feira, dia 21 de setembro, um concurso p\u00fablico para a Cagece. Est\u00e3o previstas 262 vagas para n\u00edveis t\u00e9cnico e superior. As remunera\u00e7\u00f5es previstas variam de R$ 4.297 a R$ 10.312, dependendo do n\u00edvel da fun\u00e7\u00e3o. Izolda fez o an\u00fancio ao lado do presidente da Cagece, Neuri Freitas, pelas redes sociais.As vagas na Companhia de \u00c1gua e Esgoto do Cear\u00e1 ser\u00e3o distribu\u00eddas entre cargos de advogado, arquiteto e analista de gest\u00e3o. Para&hellip;<\/p>\n","protected":false},"author":1,"featured_media":0,"comment_status":"open","ping_status":"open","sticky":false,"template":"","format":"standard","meta":{"footnotes":""},"categories":[1],"tags":[],"class_list":["post-26919","post","type-post","status-publish","format-standard","hentry","category-noticias"],"_links":{"self":[{"href":"https:\/\/blogdorogeriogomes.com.br\/noticias\/wp-json\/wp\/v2\/posts\/26919","targetHints":{"allow":["GET"]}}],"collection":[{"href":"https:\/\/blogdorogeriogomes.com.br\/noticias\/wp-json\/wp\/v2\/posts"}],"about":[{"href":"https:\/\/blogdorogeriogomes.com.br\/noticias\/wp-json\/wp\/v2\/types\/post"}],"author":[{"embeddable":true,"href":"https:\/\/blogdorogeriogomes.com.br\/noticias\/wp-json\/wp\/v2\/users\/1"}],"replies":[{"embeddable":true,"href":"https:\/\/blogdorogeriogomes.com.br\/noticias\/wp-json\/wp\/v2\/comments?post=26919"}],"version-history":[{"count":1,"href":"https:\/\/blogdorogeriogomes.com.br\/noticias\/wp-json\/wp\/v2\/posts\/26919\/revisions"}],"predecessor-version":[{"id":26921,"href":"https:\/\/blogdorogeriogomes.com.br\/noticias\/wp-json\/wp\/v2\/posts\/26919\/revisions\/26921"}],"wp:attachment":[{"href":"https:\/\/blogdorogeriogomes.com.br\/noticias\/wp-json\/wp\/v2\/media?parent=26919"}],"wp:term":[{"taxonomy":"category","embeddable":true,"href":"https:\/\/blogdorogeriogomes.com.br\/noticias\/wp-json\/wp\/v2\/categories?post=26919"},{"taxonomy":"post_tag","embeddable":true,"href":"https:\/\/blogdorogeriogomes.com.br\/noticias\/wp-json\/wp\/v2\/tags?post=26919"}],"curies":[{"name":"wp","href":"https:\/\/api.w.org\/{rel}","templated":true}]}}