{"id":26926,"date":"2022-09-22T11:33:45","date_gmt":"2022-09-22T11:33:45","guid":{"rendered":"https:\/\/blogdorogeriogomes.com.br\/?p=26926"},"modified":"2022-09-26T12:29:52","modified_gmt":"2022-09-26T12:29:52","slug":"em-live-jair-bolsonaro-declara-apoio-a-capitao-wagner-na-disputa-estadual-no-ceara","status":"publish","type":"post","link":"https:\/\/blogdorogeriogomes.com.br\/noticias\/2022\/09\/em-live-jair-bolsonaro-declara-apoio-a-capitao-wagner-na-disputa-estadual-no-ceara\/","title":{"rendered":"Em live, Jair Bolsonaro declara apoio a Capit\u00e3o Wagner na disputa estadual no Cear\u00e1"},"content":{"rendered":"\n<p>Capit\u00e3o Wagner (Uni\u00e3o Brasil) tem buscado evitar, durante a campanha, a exposi\u00e7\u00e3o do apoio do presidente Jair Bolsonaro (PL) \u00e0 sua candidatura. Mas nesta quarta-feira, dia 21 de setembro, o pr\u00f3prio Bolsonaro fez quest\u00e3o de declarar o apoio ao candidato do Uni\u00e3o Brasil no Cear\u00e1.<\/p>\n\n\n\n<p>Com um cartaz de Capit\u00e3o Wagner nas m\u00e3os, o atual chefe do Planalto disse: \u201cTem gente que tem simpatia por outro candidato, mas eu pe\u00e7o que vote em algu\u00e9m afinado conosco. Tem gente a\u00ed que a gente sabe que n\u00e3o tem chance. Atrapalha, n\u00e9? E tira voto de quem pode chegar. N\u00e3o pode \u00e9 deixar a esquerda assumir\u2026 l\u00e1 no Cear\u00e1, espero que ganhe no 1\u00ba turno, Capit\u00e3o Wagner. Ent\u00e3o boa sorte ao Wagner extenua sucesso ao Governo do Estado do Cear\u00e1\u201d.<\/p>\n\n\n\n<p>Bolsonaro aparece em segundo lugar nas pesquisas eleitorais no Cear\u00e1, atr\u00e1s do ex-presidente Lula (PT). No entanto, o candidato do PL tem um \u00edndice elevado de rejei\u00e7\u00e3o no Estado.<\/p>\n\n\n\n<figure class=\"wp-block-image size-full\"><img loading=\"lazy\" decoding=\"async\" width=\"984\" height=\"656\" src=\"https:\/\/blogdorogeriogomes.com.br\/wp-content\/uploads\/2022\/09\/image.jpg\" alt=\"\" class=\"wp-image-26927\" srcset=\"https:\/\/blogdorogeriogomes.com.br\/noticias\/wp-content\/uploads\/2022\/09\/image.jpg 984w, https:\/\/blogdorogeriogomes.com.br\/noticias\/wp-content\/uploads\/2022\/09\/image-300x200.jpg 300w, https:\/\/blogdorogeriogomes.com.br\/noticias\/wp-content\/uploads\/2022\/09\/image-768x512.jpg 768w, https:\/\/blogdorogeriogomes.com.br\/noticias\/wp-content\/uploads\/2022\/09\/image-800x533.jpg 800w\" sizes=\"auto, (max-width: 984px) 100vw, 984px\" \/><\/figure>\n","protected":false},"excerpt":{"rendered":"<p>Capit\u00e3o Wagner (Uni\u00e3o Brasil) tem buscado evitar, durante a campanha, a exposi\u00e7\u00e3o do apoio do presidente Jair Bolsonaro (PL) \u00e0 sua candidatura. Mas nesta quarta-feira, dia 21 de setembro, o pr\u00f3prio Bolsonaro fez quest\u00e3o de declarar o apoio ao candidato do Uni\u00e3o Brasil no Cear\u00e1. Com um cartaz de Capit\u00e3o Wagner nas m\u00e3os, o atual chefe do Planalto disse: \u201cTem gente que tem simpatia por outro candidato, mas eu pe\u00e7o que vote em algu\u00e9m afinado conosco. Tem gente a\u00ed&hellip;<\/p>\n","protected":false},"author":1,"featured_media":26927,"comment_status":"open","ping_status":"open","sticky":false,"template":"","format":"standard","meta":{"footnotes":""},"categories":[1],"tags":[],"class_list":["post-26926","post","type-post","status-publish","format-standard","has-post-thumbnail","hentry","category-noticias"],"_links":{"self":[{"href":"https:\/\/blogdorogeriogomes.com.br\/noticias\/wp-json\/wp\/v2\/posts\/26926","targetHints":{"allow":["GET"]}}],"collection":[{"href":"https:\/\/blogdorogeriogomes.com.br\/noticias\/wp-json\/wp\/v2\/posts"}],"about":[{"href":"https:\/\/blogdorogeriogomes.com.br\/noticias\/wp-json\/wp\/v2\/types\/post"}],"author":[{"embeddable":true,"href":"https:\/\/blogdorogeriogomes.com.br\/noticias\/wp-json\/wp\/v2\/users\/1"}],"replies":[{"embeddable":true,"href":"https:\/\/blogdorogeriogomes.com.br\/noticias\/wp-json\/wp\/v2\/comments?post=26926"}],"version-history":[{"count":1,"href":"https:\/\/blogdorogeriogomes.com.br\/noticias\/wp-json\/wp\/v2\/posts\/26926\/revisions"}],"predecessor-version":[{"id":26928,"href":"https:\/\/blogdorogeriogomes.com.br\/noticias\/wp-json\/wp\/v2\/posts\/26926\/revisions\/26928"}],"wp:featuredmedia":[{"embeddable":true,"href":"https:\/\/blogdorogeriogomes.com.br\/noticias\/wp-json\/wp\/v2\/media\/26927"}],"wp:attachment":[{"href":"https:\/\/blogdorogeriogomes.com.br\/noticias\/wp-json\/wp\/v2\/media?parent=26926"}],"wp:term":[{"taxonomy":"category","embeddable":true,"href":"https:\/\/blogdorogeriogomes.com.br\/noticias\/wp-json\/wp\/v2\/categories?post=26926"},{"taxonomy":"post_tag","embeddable":true,"href":"https:\/\/blogdorogeriogomes.com.br\/noticias\/wp-json\/wp\/v2\/tags?post=26926"}],"curies":[{"name":"wp","href":"https:\/\/api.w.org\/{rel}","templated":true}]}}