{"id":26929,"date":"2022-09-22T12:00:44","date_gmt":"2022-09-22T12:00:44","guid":{"rendered":"https:\/\/blogdorogeriogomes.com.br\/?p=26929"},"modified":"2022-09-26T12:29:36","modified_gmt":"2022-09-26T12:29:36","slug":"novo-bloqueio-do-orcamento-gera-desgaste-do-governo-bolsonaro-com-o-centrao-na-reta-final-da-campanha","status":"publish","type":"post","link":"https:\/\/blogdorogeriogomes.com.br\/noticias\/2022\/09\/novo-bloqueio-do-orcamento-gera-desgaste-do-governo-bolsonaro-com-o-centrao-na-reta-final-da-campanha\/","title":{"rendered":"Novo bloqueio do or\u00e7amento gera desgaste do Governo Bolsonaro com o Centr\u00e3o na reta final da campanha"},"content":{"rendered":"\n<p>Parlamentares ligados ao Centr\u00e3o est\u00e3o preocupados com um novo bloqueio nos recursos do Or\u00e7amento Federal de 2022, que vai atingir emendas parlamentares que foram liberadas h\u00e1 apenas duas semanas. Isso irritou integrantes do Congresso Nacional e criou confus\u00e3o entre aliados do Governo Bolsonaro, que vinham sendo beneficiados pela medida \u00e0s v\u00e9speras da elei\u00e7\u00e3o.<\/p>\n\n\n\n<p>O bloqueio atrapalha os planos do presidente da C\u00e2mara dos Deputados, Arthur Lira, e do ministro da Casa Civil, Ciro Nogueira, que queriam acelerar a execu\u00e7\u00e3o das chamadas emendas de relator diante do risco de rev\u00e9s em julgamento no Supremo Tribunal Federal (STF) sobre a legalidade do instrumento.<\/p>\n\n\n\n<p>As emendas de relator s\u00e3o usadas como moeda de troca nas negocia\u00e7\u00f5es pol\u00edticas com o Congresso e costumam privilegiar aliados do Pal\u00e1cio do Planalto. Neste ano, h\u00e1 uma reserva de R$ 16,5 bilh\u00f5es para essas emendas, valor maior que o dispon\u00edvel para muitos minist\u00e9rios de Bolsonaro.<\/p>\n\n\n\n<figure class=\"wp-block-image size-full\"><img loading=\"lazy\" decoding=\"async\" width=\"1024\" height=\"683\" src=\"https:\/\/blogdorogeriogomes.com.br\/wp-content\/uploads\/2022\/09\/1661991817630ffb89bd81b_1661991817_3x2_lg.jpg\" alt=\"\" class=\"wp-image-26930\" srcset=\"https:\/\/blogdorogeriogomes.com.br\/noticias\/wp-content\/uploads\/2022\/09\/1661991817630ffb89bd81b_1661991817_3x2_lg.jpg 1024w, https:\/\/blogdorogeriogomes.com.br\/noticias\/wp-content\/uploads\/2022\/09\/1661991817630ffb89bd81b_1661991817_3x2_lg-300x200.jpg 300w, https:\/\/blogdorogeriogomes.com.br\/noticias\/wp-content\/uploads\/2022\/09\/1661991817630ffb89bd81b_1661991817_3x2_lg-768x512.jpg 768w, https:\/\/blogdorogeriogomes.com.br\/noticias\/wp-content\/uploads\/2022\/09\/1661991817630ffb89bd81b_1661991817_3x2_lg-800x534.jpg 800w\" sizes=\"auto, (max-width: 1024px) 100vw, 1024px\" \/><\/figure>\n\n\n\n<p><br><\/p>\n","protected":false},"excerpt":{"rendered":"<p>Parlamentares ligados ao Centr\u00e3o est\u00e3o preocupados com um novo bloqueio nos recursos do Or\u00e7amento Federal de 2022, que vai atingir emendas parlamentares que foram liberadas h\u00e1 apenas duas semanas. Isso irritou integrantes do Congresso Nacional e criou confus\u00e3o entre aliados do Governo Bolsonaro, que vinham sendo beneficiados pela medida \u00e0s v\u00e9speras da elei\u00e7\u00e3o. O bloqueio atrapalha os planos do presidente da C\u00e2mara dos Deputados, Arthur Lira, e do ministro da Casa Civil, Ciro Nogueira, que queriam acelerar a execu\u00e7\u00e3o&hellip;<\/p>\n","protected":false},"author":1,"featured_media":26930,"comment_status":"open","ping_status":"open","sticky":false,"template":"","format":"standard","meta":{"footnotes":""},"categories":[1],"tags":[],"class_list":["post-26929","post","type-post","status-publish","format-standard","has-post-thumbnail","hentry","category-noticias"],"_links":{"self":[{"href":"https:\/\/blogdorogeriogomes.com.br\/noticias\/wp-json\/wp\/v2\/posts\/26929","targetHints":{"allow":["GET"]}}],"collection":[{"href":"https:\/\/blogdorogeriogomes.com.br\/noticias\/wp-json\/wp\/v2\/posts"}],"about":[{"href":"https:\/\/blogdorogeriogomes.com.br\/noticias\/wp-json\/wp\/v2\/types\/post"}],"author":[{"embeddable":true,"href":"https:\/\/blogdorogeriogomes.com.br\/noticias\/wp-json\/wp\/v2\/users\/1"}],"replies":[{"embeddable":true,"href":"https:\/\/blogdorogeriogomes.com.br\/noticias\/wp-json\/wp\/v2\/comments?post=26929"}],"version-history":[{"count":1,"href":"https:\/\/blogdorogeriogomes.com.br\/noticias\/wp-json\/wp\/v2\/posts\/26929\/revisions"}],"predecessor-version":[{"id":26931,"href":"https:\/\/blogdorogeriogomes.com.br\/noticias\/wp-json\/wp\/v2\/posts\/26929\/revisions\/26931"}],"wp:featuredmedia":[{"embeddable":true,"href":"https:\/\/blogdorogeriogomes.com.br\/noticias\/wp-json\/wp\/v2\/media\/26930"}],"wp:attachment":[{"href":"https:\/\/blogdorogeriogomes.com.br\/noticias\/wp-json\/wp\/v2\/media?parent=26929"}],"wp:term":[{"taxonomy":"category","embeddable":true,"href":"https:\/\/blogdorogeriogomes.com.br\/noticias\/wp-json\/wp\/v2\/categories?post=26929"},{"taxonomy":"post_tag","embeddable":true,"href":"https:\/\/blogdorogeriogomes.com.br\/noticias\/wp-json\/wp\/v2\/tags?post=26929"}],"curies":[{"name":"wp","href":"https:\/\/api.w.org\/{rel}","templated":true}]}}