{"id":26934,"date":"2022-09-22T14:56:16","date_gmt":"2022-09-22T14:56:16","guid":{"rendered":"https:\/\/blogdorogeriogomes.com.br\/?p=26934"},"modified":"2022-09-26T12:29:19","modified_gmt":"2022-09-26T12:29:19","slug":"pesquisa-ipespe-mostra-capitao-wagner-estavel-em-primeiro-e-elmano-de-freitas-em-segundo-abrindo-vantagem-em-relacao-a-roberto-claudio","status":"publish","type":"post","link":"https:\/\/blogdorogeriogomes.com.br\/noticias\/2022\/09\/pesquisa-ipespe-mostra-capitao-wagner-estavel-em-primeiro-e-elmano-de-freitas-em-segundo-abrindo-vantagem-em-relacao-a-roberto-claudio\/","title":{"rendered":"Pesquisa Ipespe mostra Capit\u00e3o Wagner est\u00e1vel em primeiro e Elmano de Freitas em segundo abrindo vantagem em rela\u00e7\u00e3o a Roberto Cl\u00e1udio"},"content":{"rendered":"\n<p>A corrida pelo Pal\u00e1cio da Aboli\u00e7\u00e3o ganha em acirramento na reta final da campanha. Nova pesquisa Ipespe para o Governo do Cear\u00e1, divulgada nesta quinta-feira, dia 22 de setembro, mostra que Capit\u00e3o Wagner (Uni\u00e3o Brasil) continua na lideran\u00e7a da disputa, com 37% das inten\u00e7\u00f5es de voto, seguido por Elmano Freitas (PT), que tem 28% e aparece pela primeira vez isolado na segunda coloca\u00e7\u00e3o. Em terceiro&nbsp;est\u00e1&nbsp;o ex-prefeito de Fortaleza, Roberto Cl\u00e1udio (PDT), que tem 19%. A pesquisa foi contratada pelo jornal O POVO.<\/p>\n\n\n\n<p>Na \u00faltima pesquisa Ipespe, realizada em 13 de setembro, Capit\u00e3o Wagner oscilou um ponto para cima passando de 36% para 37%, Elmano de Freitas cresceu cinco pontos indo de 23% para 28% e Roberto Cl\u00e1udio oscilou tr\u00eas pontos para baixo passando de 22% para 19%.<br>Nos cen\u00e1rios de 2\u00b0 turno, o resultado da pesquisa Ipespe foi o seguinte:<\/p>\n\n\n\n<p>Capit\u00e3o Wagner x Roberto Cl\u00e1udio<\/p>\n\n\n\n<p>Capit\u00e3o Wagner: 45%<br>Roberto Cl\u00e1udio: 39% <\/p>\n\n\n\n<p>Capit\u00e3o Wagner x Elmano Freitas<br>Capit\u00e3o Wagner: 46%<br>Elmano de Freitas: 42%<\/p>\n\n\n\n<p>Roberto Cl\u00e1udio x Elmano<br>Elmano de Freitas: 37%<br>Roberto Cl\u00e1udio: 36%<\/p>\n\n\n\n<figure class=\"wp-block-image size-full\"><img loading=\"lazy\" decoding=\"async\" width=\"736\" height=\"416\" src=\"https:\/\/blogdorogeriogomes.com.br\/wp-content\/uploads\/2022\/09\/images-15.jpeg\" alt=\"\" class=\"wp-image-26935\" srcset=\"https:\/\/blogdorogeriogomes.com.br\/noticias\/wp-content\/uploads\/2022\/09\/images-15.jpeg 736w, https:\/\/blogdorogeriogomes.com.br\/noticias\/wp-content\/uploads\/2022\/09\/images-15-300x170.jpeg 300w\" sizes=\"auto, (max-width: 736px) 100vw, 736px\" \/><\/figure>\n\n\n\n<p><\/p>\n","protected":false},"excerpt":{"rendered":"<p>A corrida pelo Pal\u00e1cio da Aboli\u00e7\u00e3o ganha em acirramento na reta final da campanha. Nova pesquisa Ipespe para o Governo do Cear\u00e1, divulgada nesta quinta-feira, dia 22 de setembro, mostra que Capit\u00e3o Wagner (Uni\u00e3o Brasil) continua na lideran\u00e7a da disputa, com 37% das inten\u00e7\u00f5es de voto, seguido por Elmano Freitas (PT), que tem 28% e aparece pela primeira vez isolado na segunda coloca\u00e7\u00e3o. Em terceiro&nbsp;est\u00e1&nbsp;o ex-prefeito de Fortaleza, Roberto Cl\u00e1udio (PDT), que tem 19%. A pesquisa foi contratada pelo&hellip;<\/p>\n","protected":false},"author":1,"featured_media":26935,"comment_status":"open","ping_status":"open","sticky":false,"template":"","format":"standard","meta":{"footnotes":""},"categories":[1],"tags":[],"class_list":["post-26934","post","type-post","status-publish","format-standard","has-post-thumbnail","hentry","category-noticias"],"_links":{"self":[{"href":"https:\/\/blogdorogeriogomes.com.br\/noticias\/wp-json\/wp\/v2\/posts\/26934","targetHints":{"allow":["GET"]}}],"collection":[{"href":"https:\/\/blogdorogeriogomes.com.br\/noticias\/wp-json\/wp\/v2\/posts"}],"about":[{"href":"https:\/\/blogdorogeriogomes.com.br\/noticias\/wp-json\/wp\/v2\/types\/post"}],"author":[{"embeddable":true,"href":"https:\/\/blogdorogeriogomes.com.br\/noticias\/wp-json\/wp\/v2\/users\/1"}],"replies":[{"embeddable":true,"href":"https:\/\/blogdorogeriogomes.com.br\/noticias\/wp-json\/wp\/v2\/comments?post=26934"}],"version-history":[{"count":2,"href":"https:\/\/blogdorogeriogomes.com.br\/noticias\/wp-json\/wp\/v2\/posts\/26934\/revisions"}],"predecessor-version":[{"id":26970,"href":"https:\/\/blogdorogeriogomes.com.br\/noticias\/wp-json\/wp\/v2\/posts\/26934\/revisions\/26970"}],"wp:featuredmedia":[{"embeddable":true,"href":"https:\/\/blogdorogeriogomes.com.br\/noticias\/wp-json\/wp\/v2\/media\/26935"}],"wp:attachment":[{"href":"https:\/\/blogdorogeriogomes.com.br\/noticias\/wp-json\/wp\/v2\/media?parent=26934"}],"wp:term":[{"taxonomy":"category","embeddable":true,"href":"https:\/\/blogdorogeriogomes.com.br\/noticias\/wp-json\/wp\/v2\/categories?post=26934"},{"taxonomy":"post_tag","embeddable":true,"href":"https:\/\/blogdorogeriogomes.com.br\/noticias\/wp-json\/wp\/v2\/tags?post=26934"}],"curies":[{"name":"wp","href":"https:\/\/api.w.org\/{rel}","templated":true}]}}