{"id":26959,"date":"2022-09-26T11:31:10","date_gmt":"2022-09-26T11:31:10","guid":{"rendered":"https:\/\/blogdorogeriogomes.com.br\/?p=26959"},"modified":"2022-09-26T12:27:36","modified_gmt":"2022-09-26T12:27:36","slug":"candidatos-ao-governo-do-ceara-entram-em-semana-decisiva-para-eleicoes","status":"publish","type":"post","link":"https:\/\/blogdorogeriogomes.com.br\/noticias\/2022\/09\/candidatos-ao-governo-do-ceara-entram-em-semana-decisiva-para-eleicoes\/","title":{"rendered":"Candidatos ao Governo do Cear\u00e1 entram em semana decisiva para elei\u00e7\u00f5es"},"content":{"rendered":"\n<p>Os candidatos ao Governo do Cear\u00e1 entram na \u00faltima semana de campanha eleitoral. O fim de semana foi de agenda movimentada com visita a munic\u00edpios do interior do Estado.<\/p>\n\n\n\n<p>Elmano de Freitas (PT) esteve no Crato com uma carreata no domingo, dia 25 de setembro. Ao lado de Camilo Santana, candidato ao Senado, esteve em Granja e Acara\u00fa. Nesta segunda-feira, dia 26, Elmano estar\u00e1 em Momba\u00e7a e participa de debate \u00e0 noite na TV Cidade.<\/p>\n\n\n\n<p>Roberto Cl\u00e1udio (PDT) teve atividades de campanha em Caucaia, Fortaleza e Brejo Santo. O candidato pedetista tamb\u00e9m participa do debate com outros candidatos nesta segunda-feira.<\/p>\n\n\n\n<p>Capit\u00e3o Wagner (Uni\u00e3o Brasil) fez campanha no fim de semana nos munic\u00edpios de Marco, Canind\u00e9 e Maracana\u00fa. Nesta segunda-feira, grava programas eleitorais e vai a debate na TV Cidade.<\/p>\n\n\n\n<figure class=\"wp-block-image size-large\"><img loading=\"lazy\" decoding=\"async\" width=\"1024\" height=\"684\" src=\"https:\/\/blogdorogeriogomes.com.br\/wp-content\/uploads\/2022\/09\/IMG-20220925-WA0076-1024x684.jpg\" alt=\"\" class=\"wp-image-26960\" srcset=\"https:\/\/blogdorogeriogomes.com.br\/noticias\/wp-content\/uploads\/2022\/09\/IMG-20220925-WA0076-1024x684.jpg 1024w, https:\/\/blogdorogeriogomes.com.br\/noticias\/wp-content\/uploads\/2022\/09\/IMG-20220925-WA0076-300x200.jpg 300w, https:\/\/blogdorogeriogomes.com.br\/noticias\/wp-content\/uploads\/2022\/09\/IMG-20220925-WA0076-768x513.jpg 768w, https:\/\/blogdorogeriogomes.com.br\/noticias\/wp-content\/uploads\/2022\/09\/IMG-20220925-WA0076-1536x1025.jpg 1536w, https:\/\/blogdorogeriogomes.com.br\/noticias\/wp-content\/uploads\/2022\/09\/IMG-20220925-WA0076-800x534.jpg 800w, https:\/\/blogdorogeriogomes.com.br\/noticias\/wp-content\/uploads\/2022\/09\/IMG-20220925-WA0076.jpg 1600w\" sizes=\"auto, (max-width: 1024px) 100vw, 1024px\" \/><\/figure>\n\n\n\n<figure class=\"wp-block-image size-large\"><img loading=\"lazy\" decoding=\"async\" width=\"1024\" height=\"683\" src=\"https:\/\/blogdorogeriogomes.com.br\/wp-content\/uploads\/2022\/09\/IMG-20220925-WA0043-1024x683.jpg\" alt=\"\" class=\"wp-image-26961\" srcset=\"https:\/\/blogdorogeriogomes.com.br\/noticias\/wp-content\/uploads\/2022\/09\/IMG-20220925-WA0043-1024x683.jpg 1024w, https:\/\/blogdorogeriogomes.com.br\/noticias\/wp-content\/uploads\/2022\/09\/IMG-20220925-WA0043-300x200.jpg 300w, https:\/\/blogdorogeriogomes.com.br\/noticias\/wp-content\/uploads\/2022\/09\/IMG-20220925-WA0043-768x512.jpg 768w, https:\/\/blogdorogeriogomes.com.br\/noticias\/wp-content\/uploads\/2022\/09\/IMG-20220925-WA0043-800x533.jpg 800w, https:\/\/blogdorogeriogomes.com.br\/noticias\/wp-content\/uploads\/2022\/09\/IMG-20220925-WA0043.jpg 1152w\" sizes=\"auto, (max-width: 1024px) 100vw, 1024px\" \/><\/figure>\n\n\n\n<figure class=\"wp-block-image size-large\"><img loading=\"lazy\" decoding=\"async\" width=\"1024\" height=\"729\" src=\"https:\/\/blogdorogeriogomes.com.br\/wp-content\/uploads\/2022\/09\/20220925115233__MG_76202-1024x729.jpg\" alt=\"\" class=\"wp-image-26962\" srcset=\"https:\/\/blogdorogeriogomes.com.br\/noticias\/wp-content\/uploads\/2022\/09\/20220925115233__MG_76202-1024x729.jpg 1024w, https:\/\/blogdorogeriogomes.com.br\/noticias\/wp-content\/uploads\/2022\/09\/20220925115233__MG_76202-300x214.jpg 300w, https:\/\/blogdorogeriogomes.com.br\/noticias\/wp-content\/uploads\/2022\/09\/20220925115233__MG_76202-768x547.jpg 768w, https:\/\/blogdorogeriogomes.com.br\/noticias\/wp-content\/uploads\/2022\/09\/20220925115233__MG_76202-1536x1094.jpg 1536w, https:\/\/blogdorogeriogomes.com.br\/noticias\/wp-content\/uploads\/2022\/09\/20220925115233__MG_76202-800x570.jpg 800w, https:\/\/blogdorogeriogomes.com.br\/noticias\/wp-content\/uploads\/2022\/09\/20220925115233__MG_76202.jpg 1592w\" sizes=\"auto, (max-width: 1024px) 100vw, 1024px\" \/><\/figure>\n","protected":false},"excerpt":{"rendered":"<p>Os candidatos ao Governo do Cear\u00e1 entram na \u00faltima semana de campanha eleitoral. O fim de semana foi de agenda movimentada com visita a munic\u00edpios do interior do Estado. Elmano de Freitas (PT) esteve no Crato com uma carreata no domingo, dia 25 de setembro. Ao lado de Camilo Santana, candidato ao Senado, esteve em Granja e Acara\u00fa. Nesta segunda-feira, dia 26, Elmano estar\u00e1 em Momba\u00e7a e participa de debate \u00e0 noite na TV Cidade. Roberto Cl\u00e1udio (PDT) teve&hellip;<\/p>\n","protected":false},"author":1,"featured_media":26962,"comment_status":"open","ping_status":"open","sticky":false,"template":"","format":"standard","meta":{"footnotes":""},"categories":[1],"tags":[],"class_list":["post-26959","post","type-post","status-publish","format-standard","has-post-thumbnail","hentry","category-noticias"],"_links":{"self":[{"href":"https:\/\/blogdorogeriogomes.com.br\/noticias\/wp-json\/wp\/v2\/posts\/26959","targetHints":{"allow":["GET"]}}],"collection":[{"href":"https:\/\/blogdorogeriogomes.com.br\/noticias\/wp-json\/wp\/v2\/posts"}],"about":[{"href":"https:\/\/blogdorogeriogomes.com.br\/noticias\/wp-json\/wp\/v2\/types\/post"}],"author":[{"embeddable":true,"href":"https:\/\/blogdorogeriogomes.com.br\/noticias\/wp-json\/wp\/v2\/users\/1"}],"replies":[{"embeddable":true,"href":"https:\/\/blogdorogeriogomes.com.br\/noticias\/wp-json\/wp\/v2\/comments?post=26959"}],"version-history":[{"count":1,"href":"https:\/\/blogdorogeriogomes.com.br\/noticias\/wp-json\/wp\/v2\/posts\/26959\/revisions"}],"predecessor-version":[{"id":26963,"href":"https:\/\/blogdorogeriogomes.com.br\/noticias\/wp-json\/wp\/v2\/posts\/26959\/revisions\/26963"}],"wp:featuredmedia":[{"embeddable":true,"href":"https:\/\/blogdorogeriogomes.com.br\/noticias\/wp-json\/wp\/v2\/media\/26962"}],"wp:attachment":[{"href":"https:\/\/blogdorogeriogomes.com.br\/noticias\/wp-json\/wp\/v2\/media?parent=26959"}],"wp:term":[{"taxonomy":"category","embeddable":true,"href":"https:\/\/blogdorogeriogomes.com.br\/noticias\/wp-json\/wp\/v2\/categories?post=26959"},{"taxonomy":"post_tag","embeddable":true,"href":"https:\/\/blogdorogeriogomes.com.br\/noticias\/wp-json\/wp\/v2\/tags?post=26959"}],"curies":[{"name":"wp","href":"https:\/\/api.w.org\/{rel}","templated":true}]}}