{"id":26971,"date":"2022-09-26T15:51:16","date_gmt":"2022-09-26T15:51:16","guid":{"rendered":"https:\/\/blogdorogeriogomes.com.br\/?p=26971"},"modified":"2022-09-27T17:31:51","modified_gmt":"2022-09-27T17:31:51","slug":"governadora-izolda-cela-confirma-apoio-ao-petista-elmano-de-freitas-para-o-governo-do-ceara","status":"publish","type":"post","link":"https:\/\/blogdorogeriogomes.com.br\/noticias\/2022\/09\/governadora-izolda-cela-confirma-apoio-ao-petista-elmano-de-freitas-para-o-governo-do-ceara\/","title":{"rendered":"Governadora Izolda Cela confirma apoio ao petista Elmano de Freitas para o Governo do Cear\u00e1"},"content":{"rendered":"\n<p>A governadora Izolda Cela, que deixou o PDT e est\u00e1 sem partido, declarou nesta segunda-feira, dia 26 de setembro, que vai apoiar Elmano de Freitas (PT) para o Governo do Cear\u00e1.<br>&#8220;Tenho muita honra de ser governadora e de ter sido vice-governadora ao lado do Camilo por mais de sete anos. Muitos desafios e muitas conquistas tamb\u00e9m. Agora, sigo minha consci\u00eancia, no que considero ser o melhor para o nosso estado. E o melhor para seguir esse projeto \u00e9 Elmano. Conheci o Elmano quando eu era secret\u00e1ria de Educa\u00e7\u00e3o do Cid, e vejo uma trajet\u00f3ria pautada na defesa do povo cearense. Tenho certeza que com Elmano governador, o Cear\u00e1 vai garantir as conquistas e avan\u00e7ar ainda mais no caminho certo em busca das vit\u00f3rias que todos n\u00f3s desejamos&#8221;, disse Izolda Cela pelas redes sociais.<\/p>\n\n\n\n<figure class=\"wp-block-image size-full\"><img loading=\"lazy\" decoding=\"async\" width=\"910\" height=\"647\" src=\"https:\/\/blogdorogeriogomes.com.br\/wp-content\/uploads\/2022\/09\/IMG-20220926-WA0080.jpg\" alt=\"\" class=\"wp-image-26972\" srcset=\"https:\/\/blogdorogeriogomes.com.br\/noticias\/wp-content\/uploads\/2022\/09\/IMG-20220926-WA0080.jpg 910w, https:\/\/blogdorogeriogomes.com.br\/noticias\/wp-content\/uploads\/2022\/09\/IMG-20220926-WA0080-300x213.jpg 300w, https:\/\/blogdorogeriogomes.com.br\/noticias\/wp-content\/uploads\/2022\/09\/IMG-20220926-WA0080-768x546.jpg 768w, https:\/\/blogdorogeriogomes.com.br\/noticias\/wp-content\/uploads\/2022\/09\/IMG-20220926-WA0080-800x569.jpg 800w\" sizes=\"auto, (max-width: 910px) 100vw, 910px\" \/><\/figure>\n","protected":false},"excerpt":{"rendered":"<p>A governadora Izolda Cela, que deixou o PDT e est\u00e1 sem partido, declarou nesta segunda-feira, dia 26 de setembro, que vai apoiar Elmano de Freitas (PT) para o Governo do Cear\u00e1.&#8220;Tenho muita honra de ser governadora e de ter sido vice-governadora ao lado do Camilo por mais de sete anos. Muitos desafios e muitas conquistas tamb\u00e9m. Agora, sigo minha consci\u00eancia, no que considero ser o melhor para o nosso estado. E o melhor para seguir esse projeto \u00e9 Elmano.&hellip;<\/p>\n","protected":false},"author":1,"featured_media":26972,"comment_status":"open","ping_status":"open","sticky":false,"template":"","format":"standard","meta":{"footnotes":""},"categories":[1],"tags":[],"class_list":["post-26971","post","type-post","status-publish","format-standard","has-post-thumbnail","hentry","category-noticias"],"_links":{"self":[{"href":"https:\/\/blogdorogeriogomes.com.br\/noticias\/wp-json\/wp\/v2\/posts\/26971","targetHints":{"allow":["GET"]}}],"collection":[{"href":"https:\/\/blogdorogeriogomes.com.br\/noticias\/wp-json\/wp\/v2\/posts"}],"about":[{"href":"https:\/\/blogdorogeriogomes.com.br\/noticias\/wp-json\/wp\/v2\/types\/post"}],"author":[{"embeddable":true,"href":"https:\/\/blogdorogeriogomes.com.br\/noticias\/wp-json\/wp\/v2\/users\/1"}],"replies":[{"embeddable":true,"href":"https:\/\/blogdorogeriogomes.com.br\/noticias\/wp-json\/wp\/v2\/comments?post=26971"}],"version-history":[{"count":1,"href":"https:\/\/blogdorogeriogomes.com.br\/noticias\/wp-json\/wp\/v2\/posts\/26971\/revisions"}],"predecessor-version":[{"id":26973,"href":"https:\/\/blogdorogeriogomes.com.br\/noticias\/wp-json\/wp\/v2\/posts\/26971\/revisions\/26973"}],"wp:featuredmedia":[{"embeddable":true,"href":"https:\/\/blogdorogeriogomes.com.br\/noticias\/wp-json\/wp\/v2\/media\/26972"}],"wp:attachment":[{"href":"https:\/\/blogdorogeriogomes.com.br\/noticias\/wp-json\/wp\/v2\/media?parent=26971"}],"wp:term":[{"taxonomy":"category","embeddable":true,"href":"https:\/\/blogdorogeriogomes.com.br\/noticias\/wp-json\/wp\/v2\/categories?post=26971"},{"taxonomy":"post_tag","embeddable":true,"href":"https:\/\/blogdorogeriogomes.com.br\/noticias\/wp-json\/wp\/v2\/tags?post=26971"}],"curies":[{"name":"wp","href":"https:\/\/api.w.org\/{rel}","templated":true}]}}