{"id":26974,"date":"2022-09-26T23:07:51","date_gmt":"2022-09-26T23:07:51","guid":{"rendered":"https:\/\/blogdorogeriogomes.com.br\/?p=26974"},"modified":"2022-09-27T17:31:39","modified_gmt":"2022-09-27T17:31:39","slug":"prefeitura-de-fortaleza-anuncia-concurso-publico-com-417-vagas-para-varias-areas-profissionais","status":"publish","type":"post","link":"https:\/\/blogdorogeriogomes.com.br\/noticias\/2022\/09\/prefeitura-de-fortaleza-anuncia-concurso-publico-com-417-vagas-para-varias-areas-profissionais\/","title":{"rendered":"Prefeitura de Fortaleza anuncia concurso p\u00fablico com 417 vagas para v\u00e1rias \u00e1reas profissionais"},"content":{"rendered":"\n<p>O prefeito de Fortaleza, Jos\u00e9 Sarto anunciou, nesta segunda-feira, dia 26 de setembro, a autoriza\u00e7\u00e3o para a realiza\u00e7\u00e3o de concursos p\u00fablicos para secretarias e \u00f3rg\u00e3os municipais. Ao todo, ser\u00e3o 417 vagas com sal\u00e1rios que chegam a R$ 20 mil. Os cargos s\u00e3o para profissionais de n\u00edvel superior das \u00e1reas de Administra\u00e7\u00e3o, Direito, Engenharia Civil, Engenharia Agr\u00f4noma, Arquitetura, Medicina Veterin\u00e1ria, Biologia, entre outras, e tamb\u00e9m de n\u00edvel m\u00e9dio, caso das 128 vagas para agentes de tr\u00e2nsito da Autarquia Municipal de Tr\u00e2nsito e Cidadania (AMC).<\/p>\n\n\n\n<p>A Prefeitura de Fortaleza tamb\u00e9m ir\u00e1 realizar concurso p\u00fablico para preencher 1.000 novas vagas na Guarda Municipal. Os cargos j\u00e1 foram criados pelo Munic\u00edpio com aprova\u00e7\u00e3o da C\u00e2mara Municipal.<\/p>\n\n\n\n<p>Com a previs\u00e3o dos concursos, o Munic\u00edpio deve atualizar os Planos de Cargos, Carreiras e Sal\u00e1rios (PCCS) e tem a oportunidade de modernizar algumas carreiras.<\/p>\n\n\n\n<figure class=\"wp-block-image size-large\"><img loading=\"lazy\" decoding=\"async\" width=\"1024\" height=\"601\" src=\"https:\/\/blogdorogeriogomes.com.br\/wp-content\/uploads\/2022\/09\/26-09-2022-1-Sepog-1024x601.jpg\" alt=\"\" class=\"wp-image-26975\" srcset=\"https:\/\/blogdorogeriogomes.com.br\/noticias\/wp-content\/uploads\/2022\/09\/26-09-2022-1-Sepog-1024x601.jpg 1024w, https:\/\/blogdorogeriogomes.com.br\/noticias\/wp-content\/uploads\/2022\/09\/26-09-2022-1-Sepog-300x176.jpg 300w, https:\/\/blogdorogeriogomes.com.br\/noticias\/wp-content\/uploads\/2022\/09\/26-09-2022-1-Sepog-768x451.jpg 768w, https:\/\/blogdorogeriogomes.com.br\/noticias\/wp-content\/uploads\/2022\/09\/26-09-2022-1-Sepog-800x470.jpg 800w, https:\/\/blogdorogeriogomes.com.br\/noticias\/wp-content\/uploads\/2022\/09\/26-09-2022-1-Sepog.jpg 1400w\" sizes=\"auto, (max-width: 1024px) 100vw, 1024px\" \/><\/figure>\n","protected":false},"excerpt":{"rendered":"<p>O prefeito de Fortaleza, Jos\u00e9 Sarto anunciou, nesta segunda-feira, dia 26 de setembro, a autoriza\u00e7\u00e3o para a realiza\u00e7\u00e3o de concursos p\u00fablicos para secretarias e \u00f3rg\u00e3os municipais. Ao todo, ser\u00e3o 417 vagas com sal\u00e1rios que chegam a R$ 20 mil. Os cargos s\u00e3o para profissionais de n\u00edvel superior das \u00e1reas de Administra\u00e7\u00e3o, Direito, Engenharia Civil, Engenharia Agr\u00f4noma, Arquitetura, Medicina Veterin\u00e1ria, Biologia, entre outras, e tamb\u00e9m de n\u00edvel m\u00e9dio, caso das 128 vagas para agentes de tr\u00e2nsito da Autarquia Municipal de&hellip;<\/p>\n","protected":false},"author":1,"featured_media":26975,"comment_status":"open","ping_status":"open","sticky":false,"template":"","format":"standard","meta":{"footnotes":""},"categories":[1],"tags":[],"class_list":["post-26974","post","type-post","status-publish","format-standard","has-post-thumbnail","hentry","category-noticias"],"_links":{"self":[{"href":"https:\/\/blogdorogeriogomes.com.br\/noticias\/wp-json\/wp\/v2\/posts\/26974","targetHints":{"allow":["GET"]}}],"collection":[{"href":"https:\/\/blogdorogeriogomes.com.br\/noticias\/wp-json\/wp\/v2\/posts"}],"about":[{"href":"https:\/\/blogdorogeriogomes.com.br\/noticias\/wp-json\/wp\/v2\/types\/post"}],"author":[{"embeddable":true,"href":"https:\/\/blogdorogeriogomes.com.br\/noticias\/wp-json\/wp\/v2\/users\/1"}],"replies":[{"embeddable":true,"href":"https:\/\/blogdorogeriogomes.com.br\/noticias\/wp-json\/wp\/v2\/comments?post=26974"}],"version-history":[{"count":1,"href":"https:\/\/blogdorogeriogomes.com.br\/noticias\/wp-json\/wp\/v2\/posts\/26974\/revisions"}],"predecessor-version":[{"id":26976,"href":"https:\/\/blogdorogeriogomes.com.br\/noticias\/wp-json\/wp\/v2\/posts\/26974\/revisions\/26976"}],"wp:featuredmedia":[{"embeddable":true,"href":"https:\/\/blogdorogeriogomes.com.br\/noticias\/wp-json\/wp\/v2\/media\/26975"}],"wp:attachment":[{"href":"https:\/\/blogdorogeriogomes.com.br\/noticias\/wp-json\/wp\/v2\/media?parent=26974"}],"wp:term":[{"taxonomy":"category","embeddable":true,"href":"https:\/\/blogdorogeriogomes.com.br\/noticias\/wp-json\/wp\/v2\/categories?post=26974"},{"taxonomy":"post_tag","embeddable":true,"href":"https:\/\/blogdorogeriogomes.com.br\/noticias\/wp-json\/wp\/v2\/tags?post=26974"}],"curies":[{"name":"wp","href":"https:\/\/api.w.org\/{rel}","templated":true}]}}