{"id":26984,"date":"2022-09-27T12:58:20","date_gmt":"2022-09-27T12:58:20","guid":{"rendered":"https:\/\/blogdorogeriogomes.com.br\/?p=26984"},"modified":"2022-09-27T12:58:22","modified_gmt":"2022-09-27T12:58:22","slug":"jose-sarto-envia-projeto-de-incentivo-fiscal-para-setor-de-ti-para-a-camara-municipal-de-fortaleza","status":"publish","type":"post","link":"https:\/\/blogdorogeriogomes.com.br\/noticias\/2022\/09\/jose-sarto-envia-projeto-de-incentivo-fiscal-para-setor-de-ti-para-a-camara-municipal-de-fortaleza\/","title":{"rendered":"Jos\u00e9 Sarto envia projeto de incentivo fiscal para setor de TI para a C\u00e2mara Municipal de Fortaleza"},"content":{"rendered":"\n<p>O prefeito de Fortaleza, Jos\u00e9 Sarto (PDT), enviou nesta segunda-feira, dia 26 de setembro, um projeto para a C\u00e2mara Municipal que garante incentivos fiscais para o setor da tecnologia da informa\u00e7\u00e3o. &#8220;Fortaleza vem se destacando como local prop\u00edcio para atividades ligadas \u00e0 tecnologia da informa\u00e7\u00e3o, e queremos que essa \u00e1rea se desenvolva cada vez mais, gerando oportunidades e desenvolvimento econ\u00f4mico! Por isso, enviei ontem para a C\u00e2mara Municipal projeto de lei que estabelece incentivo fiscal para o setor&#8221;, disse Sarto.<\/p>\n\n\n\n<p>Segundo o prefeito da Capital, a mat\u00e9ria prop\u00f5e a redu\u00e7\u00e3o do Imposto sobre Servi\u00e7os de Qualquer Natureza (ISSQN), que passar\u00e1 \u00e0 al\u00edquota de 2%. Valer\u00e1 para servi\u00e7os que tiverem incremento de arrecada\u00e7\u00e3o no comparativo com o trimestre ou ano anterior.<\/p>\n\n\n\n<p>Ter\u00e3o direito ao incentivo os servi\u00e7os de desenvolvimento e licenciamento de programas de computador, consultoria em TI, tratamento de dados, provedores e servi\u00e7os de hospedagem na internet e de suporte t\u00e9cnico e manuten\u00e7\u00e3o em TI.<\/p>\n\n\n\n<p>A iniciativa se soma a outros esfor\u00e7os da Prefeitura na \u00e1rea tecnol\u00f3gica, como o Juventude Digital, que capacita e orienta jovens entre 15 e 29 anos, buscando inseri-los no mercado de trabalho.<\/p>\n\n\n","protected":false},"excerpt":{"rendered":"<p>O prefeito de Fortaleza, Jos\u00e9 Sarto (PDT), enviou nesta segunda-feira, dia 26 de setembro, um projeto para a C\u00e2mara Municipal que garante incentivos fiscais para o setor da tecnologia da informa\u00e7\u00e3o. &#8220;Fortaleza vem se destacando como local prop\u00edcio para atividades ligadas \u00e0 tecnologia da informa\u00e7\u00e3o, e queremos que essa \u00e1rea se desenvolva cada vez mais, gerando oportunidades e desenvolvimento econ\u00f4mico! Por isso, enviei ontem para a C\u00e2mara Municipal projeto de lei que estabelece incentivo fiscal para o setor&#8221;, disse&hellip;<\/p>\n","protected":false},"author":1,"featured_media":0,"comment_status":"open","ping_status":"open","sticky":false,"template":"","format":"standard","meta":{"footnotes":""},"categories":[1],"tags":[],"class_list":["post-26984","post","type-post","status-publish","format-standard","hentry","category-noticias"],"_links":{"self":[{"href":"https:\/\/blogdorogeriogomes.com.br\/noticias\/wp-json\/wp\/v2\/posts\/26984","targetHints":{"allow":["GET"]}}],"collection":[{"href":"https:\/\/blogdorogeriogomes.com.br\/noticias\/wp-json\/wp\/v2\/posts"}],"about":[{"href":"https:\/\/blogdorogeriogomes.com.br\/noticias\/wp-json\/wp\/v2\/types\/post"}],"author":[{"embeddable":true,"href":"https:\/\/blogdorogeriogomes.com.br\/noticias\/wp-json\/wp\/v2\/users\/1"}],"replies":[{"embeddable":true,"href":"https:\/\/blogdorogeriogomes.com.br\/noticias\/wp-json\/wp\/v2\/comments?post=26984"}],"version-history":[{"count":1,"href":"https:\/\/blogdorogeriogomes.com.br\/noticias\/wp-json\/wp\/v2\/posts\/26984\/revisions"}],"predecessor-version":[{"id":26985,"href":"https:\/\/blogdorogeriogomes.com.br\/noticias\/wp-json\/wp\/v2\/posts\/26984\/revisions\/26985"}],"wp:attachment":[{"href":"https:\/\/blogdorogeriogomes.com.br\/noticias\/wp-json\/wp\/v2\/media?parent=26984"}],"wp:term":[{"taxonomy":"category","embeddable":true,"href":"https:\/\/blogdorogeriogomes.com.br\/noticias\/wp-json\/wp\/v2\/categories?post=26984"},{"taxonomy":"post_tag","embeddable":true,"href":"https:\/\/blogdorogeriogomes.com.br\/noticias\/wp-json\/wp\/v2\/tags?post=26984"}],"curies":[{"name":"wp","href":"https:\/\/api.w.org\/{rel}","templated":true}]}}