{"id":26991,"date":"2022-09-28T00:52:33","date_gmt":"2022-09-28T00:52:33","guid":{"rendered":"https:\/\/blogdorogeriogomes.com.br\/?p=26991"},"modified":"2022-09-28T11:23:24","modified_gmt":"2022-09-28T11:23:24","slug":"lula-se-reune-com-empresarios-da-elite-financeira-e-recebe-declaracao-de-voto-do-ex-presidente-do-stf-joaquim-barbosa","status":"publish","type":"post","link":"https:\/\/blogdorogeriogomes.com.br\/noticias\/2022\/09\/lula-se-reune-com-empresarios-da-elite-financeira-e-recebe-declaracao-de-voto-do-ex-presidente-do-stf-joaquim-barbosa\/","title":{"rendered":"Lula se re\u00fane com empres\u00e1rios da elite financeira e recebe declara\u00e7\u00e3o de voto do ex-presidente do STF, Joaquim Barbosa"},"content":{"rendered":"\n<p>O ex-presidente Lula (PT) se reuniu nesta ter\u00e7a-feira, dia 27 de setembro, com boa parte da elite financeira do Pa\u00eds. Foram pelo menos 100 empres\u00e1rios e integrantes do setor financeiro ligados ao Grupo Esfera Brasil que participaram de um jantar em S\u00e3o Paulo.&nbsp;<\/p>\n\n\n\n<p>Na reta final da campanha, o petista que lidera as pesquisas eleitorais at\u00e9 o momento, com chances de vit\u00f3ria no 1\u00b0 turno, buscou ouvir as demandas do empresariado e ao mesmo tempo repassar tranquilidade sobre a retomada do crescimento econ\u00f4mico do Pa\u00eds, em caso de vit\u00f3ria na corrida presidencial.<\/p>\n\n\n\n<p> Estavam presentes no encontro o &nbsp;banqueiro Andr\u00e9 Esteves, Isaac Jos\u00e9 Sidney, presidente da Febraban, Benjamin Steinbruch, F\u00e1bio Erm\u00edrio de Moraes e Rubens Ometto, al\u00e9m de empres\u00e1rios cr\u00edticos ao PT como Fl\u00e1vio Rocha e Roberto Justus. Havia ainda nomes importantes do &#8220;PIB nacional&#8221; como Abilio Diniz, Luiz Trabuco, David Safra, Jorge Moll e Eug\u00eanio Mattar.<\/p>\n\n\n\n<p>Nesta ter\u00e7a-feira, Lula ainda recebeu declara\u00e7\u00e3o de voto no 1\u00b0 turno do economista Andr\u00e9 Lara Resende, integrante da equipe que criou o Plano Real, e do ex-presidente do STF, Joaquim Barbosa. Ele foi relator do processo do mensal\u00e3o, no qual votou pela condena\u00e7\u00e3o de petistas. O ex-ministro do Supremo Tribunal Federal afirmou que o presidente Jair Bolsonaro n\u00e3o est\u00e1 \u00e0 altura do cargo e causa isolamento internacional do pa\u00eds. &#8220;\u00c9 preciso votar j\u00e1 em Lula no primeiro turno para encerrar essa elei\u00e7\u00e3o no pr\u00f3ximo domingo&#8221;, disse Joaquim Barbosa.<\/p>\n\n\n\n<figure class=\"wp-block-image size-full\"><img loading=\"lazy\" decoding=\"async\" width=\"640\" height=\"480\" src=\"https:\/\/blogdorogeriogomes.com.br\/wp-content\/uploads\/2022\/09\/images-19.jpeg\" alt=\"\" class=\"wp-image-26992\" srcset=\"https:\/\/blogdorogeriogomes.com.br\/noticias\/wp-content\/uploads\/2022\/09\/images-19.jpeg 640w, https:\/\/blogdorogeriogomes.com.br\/noticias\/wp-content\/uploads\/2022\/09\/images-19-300x225.jpeg 300w, https:\/\/blogdorogeriogomes.com.br\/noticias\/wp-content\/uploads\/2022\/09\/images-19-400x300.jpeg 400w\" sizes=\"auto, (max-width: 640px) 100vw, 640px\" \/><\/figure>\n\n\n\n<p><\/p>\n","protected":false},"excerpt":{"rendered":"<p>O ex-presidente Lula (PT) se reuniu nesta ter\u00e7a-feira, dia 27 de setembro, com boa parte da elite financeira do Pa\u00eds. Foram pelo menos 100 empres\u00e1rios e integrantes do setor financeiro ligados ao Grupo Esfera Brasil que participaram de um jantar em S\u00e3o Paulo.&nbsp; Na reta final da campanha, o petista que lidera as pesquisas eleitorais at\u00e9 o momento, com chances de vit\u00f3ria no 1\u00b0 turno, buscou ouvir as demandas do empresariado e ao mesmo tempo repassar tranquilidade sobre a&hellip;<\/p>\n","protected":false},"author":1,"featured_media":26992,"comment_status":"open","ping_status":"open","sticky":false,"template":"","format":"standard","meta":{"footnotes":""},"categories":[1],"tags":[],"class_list":["post-26991","post","type-post","status-publish","format-standard","has-post-thumbnail","hentry","category-noticias"],"_links":{"self":[{"href":"https:\/\/blogdorogeriogomes.com.br\/noticias\/wp-json\/wp\/v2\/posts\/26991","targetHints":{"allow":["GET"]}}],"collection":[{"href":"https:\/\/blogdorogeriogomes.com.br\/noticias\/wp-json\/wp\/v2\/posts"}],"about":[{"href":"https:\/\/blogdorogeriogomes.com.br\/noticias\/wp-json\/wp\/v2\/types\/post"}],"author":[{"embeddable":true,"href":"https:\/\/blogdorogeriogomes.com.br\/noticias\/wp-json\/wp\/v2\/users\/1"}],"replies":[{"embeddable":true,"href":"https:\/\/blogdorogeriogomes.com.br\/noticias\/wp-json\/wp\/v2\/comments?post=26991"}],"version-history":[{"count":2,"href":"https:\/\/blogdorogeriogomes.com.br\/noticias\/wp-json\/wp\/v2\/posts\/26991\/revisions"}],"predecessor-version":[{"id":26999,"href":"https:\/\/blogdorogeriogomes.com.br\/noticias\/wp-json\/wp\/v2\/posts\/26991\/revisions\/26999"}],"wp:featuredmedia":[{"embeddable":true,"href":"https:\/\/blogdorogeriogomes.com.br\/noticias\/wp-json\/wp\/v2\/media\/26992"}],"wp:attachment":[{"href":"https:\/\/blogdorogeriogomes.com.br\/noticias\/wp-json\/wp\/v2\/media?parent=26991"}],"wp:term":[{"taxonomy":"category","embeddable":true,"href":"https:\/\/blogdorogeriogomes.com.br\/noticias\/wp-json\/wp\/v2\/categories?post=26991"},{"taxonomy":"post_tag","embeddable":true,"href":"https:\/\/blogdorogeriogomes.com.br\/noticias\/wp-json\/wp\/v2\/tags?post=26991"}],"curies":[{"name":"wp","href":"https:\/\/api.w.org\/{rel}","templated":true}]}}