{"id":26997,"date":"2022-09-28T11:38:23","date_gmt":"2022-09-28T11:38:23","guid":{"rendered":"https:\/\/blogdorogeriogomes.com.br\/?p=26997"},"modified":"2022-09-29T11:26:26","modified_gmt":"2022-09-29T11:26:26","slug":"candidatos-ao-governo-do-ceara-fazem-ultimo-debate-na-tv-sob-pressao-das-pesquisas-eleitorais","status":"publish","type":"post","link":"https:\/\/blogdorogeriogomes.com.br\/noticias\/2022\/09\/candidatos-ao-governo-do-ceara-fazem-ultimo-debate-na-tv-sob-pressao-das-pesquisas-eleitorais\/","title":{"rendered":"Candidatos ao Governo do Cear\u00e1 fazem \u00faltimo debate na TV sob press\u00e3o das pesquisas eleitorais"},"content":{"rendered":"\n<p>Os candidatos ao Governo do Cear\u00e1 fazem nesta quinta-feira, dia 29 de setembro, o \u00faltimo debate na TV pelo 1\u00b0 turno na TV Jangadeiro. Elmano de Freitas (PT), Capit\u00e3o Wagner (Uni\u00e3o Brasil) e Roberto Cl\u00e1udio (PDT) vivem a press\u00e3o dos \u00faltimos dias de campanha, mas tamb\u00e9m de olho nas pesquisas eleitorais que ajudam a temperar o clima da milit\u00e2ncia nas ruas.<\/p>\n\n\n\n<p>Ontem, os tr\u00eas debateram na TV Verdes Mares. Entre os temas mais discutidos estiveram a nacionaliza\u00e7\u00e3o da campanha local e o uso dos padrinhos pol\u00edticos na tentativa de convencer o eleitor.<\/p>\n\n\n\n<p>O Instituto Paran\u00e1 Pesquisa divulgou nesta quarta-feira, uma nova pesquisa para a disputa estadual no Cear\u00e1. No levantamento, Elmano Freitas (PT) aparece com 33,3%, em seguida, vem Capit\u00e3o Wagner (Uni\u00e3o Brasil)&nbsp; com 33,1% e em terceiro, Roberto Cl\u00e1udio (PDT) com 18,8%. Elmano e Wagner est\u00e3o empatados tecnicamente.<\/p>\n\n\n\n<figure class=\"wp-block-image size-full\"><img loading=\"lazy\" decoding=\"async\" width=\"738\" height=\"415\" src=\"https:\/\/blogdorogeriogomes.com.br\/wp-content\/uploads\/2022\/09\/images-21.jpeg\" alt=\"\" class=\"wp-image-27000\" srcset=\"https:\/\/blogdorogeriogomes.com.br\/noticias\/wp-content\/uploads\/2022\/09\/images-21.jpeg 738w, https:\/\/blogdorogeriogomes.com.br\/noticias\/wp-content\/uploads\/2022\/09\/images-21-300x169.jpeg 300w\" sizes=\"auto, (max-width: 738px) 100vw, 738px\" \/><\/figure>\n","protected":false},"excerpt":{"rendered":"<p>Os candidatos ao Governo do Cear\u00e1 fazem nesta quinta-feira, dia 29 de setembro, o \u00faltimo debate na TV pelo 1\u00b0 turno na TV Jangadeiro. Elmano de Freitas (PT), Capit\u00e3o Wagner (Uni\u00e3o Brasil) e Roberto Cl\u00e1udio (PDT) vivem a press\u00e3o dos \u00faltimos dias de campanha, mas tamb\u00e9m de olho nas pesquisas eleitorais que ajudam a temperar o clima da milit\u00e2ncia nas ruas. Ontem, os tr\u00eas debateram na TV Verdes Mares. Entre os temas mais discutidos estiveram a nacionaliza\u00e7\u00e3o da campanha&hellip;<\/p>\n","protected":false},"author":1,"featured_media":27000,"comment_status":"open","ping_status":"open","sticky":false,"template":"","format":"standard","meta":{"footnotes":""},"categories":[1],"tags":[],"class_list":["post-26997","post","type-post","status-publish","format-standard","has-post-thumbnail","hentry","category-noticias"],"_links":{"self":[{"href":"https:\/\/blogdorogeriogomes.com.br\/noticias\/wp-json\/wp\/v2\/posts\/26997","targetHints":{"allow":["GET"]}}],"collection":[{"href":"https:\/\/blogdorogeriogomes.com.br\/noticias\/wp-json\/wp\/v2\/posts"}],"about":[{"href":"https:\/\/blogdorogeriogomes.com.br\/noticias\/wp-json\/wp\/v2\/types\/post"}],"author":[{"embeddable":true,"href":"https:\/\/blogdorogeriogomes.com.br\/noticias\/wp-json\/wp\/v2\/users\/1"}],"replies":[{"embeddable":true,"href":"https:\/\/blogdorogeriogomes.com.br\/noticias\/wp-json\/wp\/v2\/comments?post=26997"}],"version-history":[{"count":2,"href":"https:\/\/blogdorogeriogomes.com.br\/noticias\/wp-json\/wp\/v2\/posts\/26997\/revisions"}],"predecessor-version":[{"id":27002,"href":"https:\/\/blogdorogeriogomes.com.br\/noticias\/wp-json\/wp\/v2\/posts\/26997\/revisions\/27002"}],"wp:featuredmedia":[{"embeddable":true,"href":"https:\/\/blogdorogeriogomes.com.br\/noticias\/wp-json\/wp\/v2\/media\/27000"}],"wp:attachment":[{"href":"https:\/\/blogdorogeriogomes.com.br\/noticias\/wp-json\/wp\/v2\/media?parent=26997"}],"wp:term":[{"taxonomy":"category","embeddable":true,"href":"https:\/\/blogdorogeriogomes.com.br\/noticias\/wp-json\/wp\/v2\/categories?post=26997"},{"taxonomy":"post_tag","embeddable":true,"href":"https:\/\/blogdorogeriogomes.com.br\/noticias\/wp-json\/wp\/v2\/tags?post=26997"}],"curies":[{"name":"wp","href":"https:\/\/api.w.org\/{rel}","templated":true}]}}