{"id":27003,"date":"2022-09-28T20:29:46","date_gmt":"2022-09-28T20:29:46","guid":{"rendered":"https:\/\/blogdorogeriogomes.com.br\/?p=27003"},"modified":"2022-09-29T11:26:11","modified_gmt":"2022-09-29T11:26:11","slug":"lula-visita-fortaleza-e-salvador-nesta-sexta-feira-em-reta-final-do-1-turno","status":"publish","type":"post","link":"https:\/\/blogdorogeriogomes.com.br\/noticias\/2022\/09\/lula-visita-fortaleza-e-salvador-nesta-sexta-feira-em-reta-final-do-1-turno\/","title":{"rendered":"Lula visita Fortaleza e Salvador nesta sexta-feira em reta final do 1\u00b0 turno"},"content":{"rendered":"\n<p>O ex-presidente Lula (PT) estar\u00e1 em Fortaleza e Salvador, nesta sexta-feira, dia 30 de setembro, na reta final da campanha em 1\u00b0 turno. O petista deveria concentrar os \u00faltimos dias no Sudeste, mas o crescimento dos candidatos ao Governo, Elmano de Freitas (Cear\u00e1) e Jer\u00f4nimo Rodrigues (Bahia), fez o comando da campanha mudar de ideia.<\/p>\n\n\n\n<p>Lula far\u00e1 caminhada ao lado de Elmano de Freitas e do ex-governador Camilo Santana, que concorre ao Senado pelo PT. Segundo as \u00faltimas pesquisas, o petista tem chances reais de vencer a elei\u00e7\u00e3o presidencial no 1\u00b0 turno. No s\u00e1bado, dia 1\u00b0 de outubro, Lula far\u00e1 o \u00faltimo dia de campanha em S\u00e3o Paulo.<\/p>\n\n\n\n<p>A segunda vinda de Lula ao Cear\u00e1 para apoiar Elmano e Camilo acontece no momento em que o candidato estadual petista disputa a primeira coloca\u00e7\u00e3o nas pesquisas com Capit\u00e3o Wagner, do Uni\u00e3o Brasil.<\/p>\n\n\n\n<figure class=\"wp-block-image size-full\"><img loading=\"lazy\" decoding=\"async\" width=\"1024\" height=\"629\" src=\"https:\/\/blogdorogeriogomes.com.br\/wp-content\/uploads\/2022\/09\/IMG-20220922-WA0107.jpg\" alt=\"\" class=\"wp-image-27004\" srcset=\"https:\/\/blogdorogeriogomes.com.br\/noticias\/wp-content\/uploads\/2022\/09\/IMG-20220922-WA0107.jpg 1024w, https:\/\/blogdorogeriogomes.com.br\/noticias\/wp-content\/uploads\/2022\/09\/IMG-20220922-WA0107-300x184.jpg 300w, https:\/\/blogdorogeriogomes.com.br\/noticias\/wp-content\/uploads\/2022\/09\/IMG-20220922-WA0107-768x472.jpg 768w, https:\/\/blogdorogeriogomes.com.br\/noticias\/wp-content\/uploads\/2022\/09\/IMG-20220922-WA0107-800x491.jpg 800w\" sizes=\"auto, (max-width: 1024px) 100vw, 1024px\" \/><\/figure>\n","protected":false},"excerpt":{"rendered":"<p>O ex-presidente Lula (PT) estar\u00e1 em Fortaleza e Salvador, nesta sexta-feira, dia 30 de setembro, na reta final da campanha em 1\u00b0 turno. O petista deveria concentrar os \u00faltimos dias no Sudeste, mas o crescimento dos candidatos ao Governo, Elmano de Freitas (Cear\u00e1) e Jer\u00f4nimo Rodrigues (Bahia), fez o comando da campanha mudar de ideia. Lula far\u00e1 caminhada ao lado de Elmano de Freitas e do ex-governador Camilo Santana, que concorre ao Senado pelo PT. Segundo as \u00faltimas pesquisas,&hellip;<\/p>\n","protected":false},"author":1,"featured_media":27004,"comment_status":"open","ping_status":"open","sticky":false,"template":"","format":"standard","meta":{"footnotes":""},"categories":[1],"tags":[],"class_list":["post-27003","post","type-post","status-publish","format-standard","has-post-thumbnail","hentry","category-noticias"],"_links":{"self":[{"href":"https:\/\/blogdorogeriogomes.com.br\/noticias\/wp-json\/wp\/v2\/posts\/27003","targetHints":{"allow":["GET"]}}],"collection":[{"href":"https:\/\/blogdorogeriogomes.com.br\/noticias\/wp-json\/wp\/v2\/posts"}],"about":[{"href":"https:\/\/blogdorogeriogomes.com.br\/noticias\/wp-json\/wp\/v2\/types\/post"}],"author":[{"embeddable":true,"href":"https:\/\/blogdorogeriogomes.com.br\/noticias\/wp-json\/wp\/v2\/users\/1"}],"replies":[{"embeddable":true,"href":"https:\/\/blogdorogeriogomes.com.br\/noticias\/wp-json\/wp\/v2\/comments?post=27003"}],"version-history":[{"count":1,"href":"https:\/\/blogdorogeriogomes.com.br\/noticias\/wp-json\/wp\/v2\/posts\/27003\/revisions"}],"predecessor-version":[{"id":27005,"href":"https:\/\/blogdorogeriogomes.com.br\/noticias\/wp-json\/wp\/v2\/posts\/27003\/revisions\/27005"}],"wp:featuredmedia":[{"embeddable":true,"href":"https:\/\/blogdorogeriogomes.com.br\/noticias\/wp-json\/wp\/v2\/media\/27004"}],"wp:attachment":[{"href":"https:\/\/blogdorogeriogomes.com.br\/noticias\/wp-json\/wp\/v2\/media?parent=27003"}],"wp:term":[{"taxonomy":"category","embeddable":true,"href":"https:\/\/blogdorogeriogomes.com.br\/noticias\/wp-json\/wp\/v2\/categories?post=27003"},{"taxonomy":"post_tag","embeddable":true,"href":"https:\/\/blogdorogeriogomes.com.br\/noticias\/wp-json\/wp\/v2\/tags?post=27003"}],"curies":[{"name":"wp","href":"https:\/\/api.w.org\/{rel}","templated":true}]}}