{"id":27006,"date":"2022-09-28T23:16:09","date_gmt":"2022-09-28T23:16:09","guid":{"rendered":"https:\/\/blogdorogeriogomes.com.br\/?p=27006"},"modified":"2022-09-29T11:25:55","modified_gmt":"2022-09-29T11:25:55","slug":"ceara-vai-ter-proibicao-de-venda-de-bebidas-alcoolicas-no-dia-das-eleicoes","status":"publish","type":"post","link":"https:\/\/blogdorogeriogomes.com.br\/noticias\/2022\/09\/ceara-vai-ter-proibicao-de-venda-de-bebidas-alcoolicas-no-dia-das-eleicoes\/","title":{"rendered":"Cear\u00e1 vai ter proibi\u00e7\u00e3o de venda de bebidas alco\u00f3licas no dia das elei\u00e7\u00f5es"},"content":{"rendered":"\n<p>Em busca de refor\u00e7ar a seguran\u00e7a dos eleitores que v\u00e3o \u00e0s urnas no 1\u00b0 turno das elei\u00e7\u00f5es, pr\u00f3ximo domingo, dia 2 de outubro, estar\u00e3o proibidos o consumo e a venda de bebidas alco\u00f3licas no Cear\u00e1. A decis\u00e3o do Tribunal Regional Eleitoral do Cear\u00e1 (TRE-CE) vale para todo o Estado, de zero hora at\u00e9 \u00e0s 18 horas de domingo.<\/p>\n\n\n\n<p>Al\u00e9m do Cear\u00e1, Acre, Amazonas, Roraima, Rio Grande do Norte, Maranh\u00e3o, Mato Grosso do Sul, Paran\u00e1 e Tocantins j\u00e1 anunciaram que tamb\u00e9m v\u00e3o adotar a lei seca no 1\u00b0 turno das elei\u00e7\u00f5es. <\/p>\n\n\n\n<p>Segundo o Tribunal Regional Eleitoral, a proibi\u00e7\u00e3o na venda e consumo de bebidas alco\u00f3licas atinge bares, restaurantes, mercantis, estabelecimentos cong\u00eaneres e demais locais abertos ao p\u00fablico.<br><\/p>\n\n\n\n<figure class=\"wp-block-image size-full\"><img loading=\"lazy\" decoding=\"async\" width=\"984\" height=\"656\" src=\"https:\/\/blogdorogeriogomes.com.br\/wp-content\/uploads\/2022\/09\/191007-maria-ana-krack-pmpa-17.jpg\" alt=\"\" class=\"wp-image-27007\" srcset=\"https:\/\/blogdorogeriogomes.com.br\/noticias\/wp-content\/uploads\/2022\/09\/191007-maria-ana-krack-pmpa-17.jpg 984w, https:\/\/blogdorogeriogomes.com.br\/noticias\/wp-content\/uploads\/2022\/09\/191007-maria-ana-krack-pmpa-17-300x200.jpg 300w, https:\/\/blogdorogeriogomes.com.br\/noticias\/wp-content\/uploads\/2022\/09\/191007-maria-ana-krack-pmpa-17-768x512.jpg 768w, https:\/\/blogdorogeriogomes.com.br\/noticias\/wp-content\/uploads\/2022\/09\/191007-maria-ana-krack-pmpa-17-800x533.jpg 800w\" sizes=\"auto, (max-width: 984px) 100vw, 984px\" \/><\/figure>\n\n\n\n<p><br><\/p>\n","protected":false},"excerpt":{"rendered":"<p>Em busca de refor\u00e7ar a seguran\u00e7a dos eleitores que v\u00e3o \u00e0s urnas no 1\u00b0 turno das elei\u00e7\u00f5es, pr\u00f3ximo domingo, dia 2 de outubro, estar\u00e3o proibidos o consumo e a venda de bebidas alco\u00f3licas no Cear\u00e1. A decis\u00e3o do Tribunal Regional Eleitoral do Cear\u00e1 (TRE-CE) vale para todo o Estado, de zero hora at\u00e9 \u00e0s 18 horas de domingo. Al\u00e9m do Cear\u00e1, Acre, Amazonas, Roraima, Rio Grande do Norte, Maranh\u00e3o, Mato Grosso do Sul, Paran\u00e1 e Tocantins j\u00e1 anunciaram que&hellip;<\/p>\n","protected":false},"author":1,"featured_media":27007,"comment_status":"open","ping_status":"open","sticky":false,"template":"","format":"standard","meta":{"footnotes":""},"categories":[1],"tags":[],"class_list":["post-27006","post","type-post","status-publish","format-standard","has-post-thumbnail","hentry","category-noticias"],"_links":{"self":[{"href":"https:\/\/blogdorogeriogomes.com.br\/noticias\/wp-json\/wp\/v2\/posts\/27006","targetHints":{"allow":["GET"]}}],"collection":[{"href":"https:\/\/blogdorogeriogomes.com.br\/noticias\/wp-json\/wp\/v2\/posts"}],"about":[{"href":"https:\/\/blogdorogeriogomes.com.br\/noticias\/wp-json\/wp\/v2\/types\/post"}],"author":[{"embeddable":true,"href":"https:\/\/blogdorogeriogomes.com.br\/noticias\/wp-json\/wp\/v2\/users\/1"}],"replies":[{"embeddable":true,"href":"https:\/\/blogdorogeriogomes.com.br\/noticias\/wp-json\/wp\/v2\/comments?post=27006"}],"version-history":[{"count":1,"href":"https:\/\/blogdorogeriogomes.com.br\/noticias\/wp-json\/wp\/v2\/posts\/27006\/revisions"}],"predecessor-version":[{"id":27008,"href":"https:\/\/blogdorogeriogomes.com.br\/noticias\/wp-json\/wp\/v2\/posts\/27006\/revisions\/27008"}],"wp:featuredmedia":[{"embeddable":true,"href":"https:\/\/blogdorogeriogomes.com.br\/noticias\/wp-json\/wp\/v2\/media\/27007"}],"wp:attachment":[{"href":"https:\/\/blogdorogeriogomes.com.br\/noticias\/wp-json\/wp\/v2\/media?parent=27006"}],"wp:term":[{"taxonomy":"category","embeddable":true,"href":"https:\/\/blogdorogeriogomes.com.br\/noticias\/wp-json\/wp\/v2\/categories?post=27006"},{"taxonomy":"post_tag","embeddable":true,"href":"https:\/\/blogdorogeriogomes.com.br\/noticias\/wp-json\/wp\/v2\/tags?post=27006"}],"curies":[{"name":"wp","href":"https:\/\/api.w.org\/{rel}","templated":true}]}}