{"id":27012,"date":"2022-09-28T23:31:53","date_gmt":"2022-09-28T23:31:53","guid":{"rendered":"https:\/\/blogdorogeriogomes.com.br\/?p=27012"},"modified":"2022-09-29T11:25:18","modified_gmt":"2022-09-29T11:25:18","slug":"prefeitura-de-caucaia-entrega-novo-complexo-viario-que-liga-o-centro-ao-pabussu-e-ao-capuan","status":"publish","type":"post","link":"https:\/\/blogdorogeriogomes.com.br\/noticias\/2022\/09\/prefeitura-de-caucaia-entrega-novo-complexo-viario-que-liga-o-centro-ao-pabussu-e-ao-capuan\/","title":{"rendered":"Prefeitura de Caucaia entrega novo Complexo Vi\u00e1rio que liga o centro ao Pabussu e ao Capuan"},"content":{"rendered":"\n<p>Para garantir um melhor fluxo de carros e ampliar as possibilidades de mobilidade no centro de Caucaia, a gest\u00e3o municipal inaugurou, na tarde desta quarta-feira, dia 28 de setembro, a amplia\u00e7\u00e3o da avenida Edson da Mota Correa, ligando vias do Centro ao Pabussu e Capuan.&nbsp;<\/p>\n\n\n\n<p>O prefeito de Caucaia, Vitor Valim, acredita que a nova avenida \u00e9 o in\u00edcio do desenvolvimento dessa regi\u00e3o do Centro de Caucaia, e projeta os impactos positivos que podem vir a partir dela. \u201cEssa avenida simboliza emprego para o pai e m\u00e3e de fam\u00edlia, pois essa infraestrutura que a gente fez, com recurso pr\u00f3prio, em parceria com o governo do estado, aqui futuramente pode vir a abrigar shoppings, condom\u00ednios comerciais, residenciais. Ou seja, trazendo desenvolvimento, mais empregos e mais renda pra nossa gente, al\u00e9m de modernidade e mobilidade no curt\u00edssimo prazo\u201d, disse.&nbsp;<\/p>\n\n\n\n<p>&nbsp;As novas vias do Complexo Vi\u00e1rio, localizadas \u00e0s margens da antiga F\u00e1brica da Caisa, foram requalificadas com servi\u00e7os de pavimenta\u00e7\u00e3o de piso intertravado drenante e ecologicamente correto, al\u00e9m de nova sinaliza\u00e7\u00e3o e ilumina\u00e7\u00e3o de Led. De acordo com o Secret\u00e1rio deInfraestrutura (SEINFRA), Andr\u00e9 Daher, a obra foi toda pensada nos melhores padr\u00f5es t\u00e9cnicos. \u201cAqui n\u00f3s fizemos obras de drenagem, pavimenta\u00e7\u00e3o, terraplanagem, e tamb\u00e9m obras no entorno, para poder garantir a fluidez do tr\u00e2nsito. Nesta obra, n\u00f3s utilizamos um pavimento drenante de piso intertravado, garantindo a passagem da \u00e1gua de chuva para o solo, de forma que \u00e9 um pavimento ambientalmente correto, n\u00e3o prejudicando futuramente a cidade\u201d, disse.&nbsp;&nbsp;<\/p>\n\n\n\n<p>Ainda de acordo com a SEINFRA, foram executadas a abertura de duas ruas, que s\u00e3o: a continua\u00e7\u00e3o da Avenida Edson da Mota Correia; e a Rua SDO 02 (sem denomina\u00e7\u00e3o oficial) que faz a liga\u00e7\u00e3o com as ruas Coronel Correia e 15 de Outubro. A obra foi composta por um total de 3.708,02 m\u00b2 devias e 2.776,73m\u00b2 de cal\u00e7adas em piso intertravado, al\u00e9m de 3.000m\u00b2 de pavimenta\u00e7\u00e3o asf\u00e1ltica, sinaliza\u00e7\u00e3o horizontal e vertical e ilumina\u00e7\u00e3o em Led.<\/p>\n\n\n\n<p>Conhecida como rua da Caisa, a antiga f\u00e1brica de beneficiamento de am\u00eandoa de caju foi desapropriada pela Prefeitura de Caucaia, em abril de 2021, e destinada pela atual gest\u00e3o para a constru\u00e7\u00e3o de vias r\u00e1pidas e ecologicamente corretas que interligar\u00e3o com maior celeridade os bairros do Centro e o Pabussu, proporcionando uma melhor mobilidade urbana.<\/p>\n\n\n\n<figure class=\"wp-block-image size-full\"><img loading=\"lazy\" decoding=\"async\" width=\"1024\" height=\"682\" src=\"https:\/\/blogdorogeriogomes.com.br\/wp-content\/uploads\/2022\/09\/IMG-20220928-WA0157.jpg\" alt=\"\" class=\"wp-image-27013\" srcset=\"https:\/\/blogdorogeriogomes.com.br\/noticias\/wp-content\/uploads\/2022\/09\/IMG-20220928-WA0157.jpg 1024w, https:\/\/blogdorogeriogomes.com.br\/noticias\/wp-content\/uploads\/2022\/09\/IMG-20220928-WA0157-300x200.jpg 300w, https:\/\/blogdorogeriogomes.com.br\/noticias\/wp-content\/uploads\/2022\/09\/IMG-20220928-WA0157-768x512.jpg 768w, https:\/\/blogdorogeriogomes.com.br\/noticias\/wp-content\/uploads\/2022\/09\/IMG-20220928-WA0157-800x533.jpg 800w\" sizes=\"auto, (max-width: 1024px) 100vw, 1024px\" \/><\/figure>\n","protected":false},"excerpt":{"rendered":"<p>Para garantir um melhor fluxo de carros e ampliar as possibilidades de mobilidade no centro de Caucaia, a gest\u00e3o municipal inaugurou, na tarde desta quarta-feira, dia 28 de setembro, a amplia\u00e7\u00e3o da avenida Edson da Mota Correa, ligando vias do Centro ao Pabussu e Capuan.&nbsp; O prefeito de Caucaia, Vitor Valim, acredita que a nova avenida \u00e9 o in\u00edcio do desenvolvimento dessa regi\u00e3o do Centro de Caucaia, e projeta os impactos positivos que podem vir a partir dela. \u201cEssa&hellip;<\/p>\n","protected":false},"author":1,"featured_media":27013,"comment_status":"open","ping_status":"open","sticky":false,"template":"","format":"standard","meta":{"footnotes":""},"categories":[1],"tags":[],"class_list":["post-27012","post","type-post","status-publish","format-standard","has-post-thumbnail","hentry","category-noticias"],"_links":{"self":[{"href":"https:\/\/blogdorogeriogomes.com.br\/noticias\/wp-json\/wp\/v2\/posts\/27012","targetHints":{"allow":["GET"]}}],"collection":[{"href":"https:\/\/blogdorogeriogomes.com.br\/noticias\/wp-json\/wp\/v2\/posts"}],"about":[{"href":"https:\/\/blogdorogeriogomes.com.br\/noticias\/wp-json\/wp\/v2\/types\/post"}],"author":[{"embeddable":true,"href":"https:\/\/blogdorogeriogomes.com.br\/noticias\/wp-json\/wp\/v2\/users\/1"}],"replies":[{"embeddable":true,"href":"https:\/\/blogdorogeriogomes.com.br\/noticias\/wp-json\/wp\/v2\/comments?post=27012"}],"version-history":[{"count":2,"href":"https:\/\/blogdorogeriogomes.com.br\/noticias\/wp-json\/wp\/v2\/posts\/27012\/revisions"}],"predecessor-version":[{"id":27018,"href":"https:\/\/blogdorogeriogomes.com.br\/noticias\/wp-json\/wp\/v2\/posts\/27012\/revisions\/27018"}],"wp:featuredmedia":[{"embeddable":true,"href":"https:\/\/blogdorogeriogomes.com.br\/noticias\/wp-json\/wp\/v2\/media\/27013"}],"wp:attachment":[{"href":"https:\/\/blogdorogeriogomes.com.br\/noticias\/wp-json\/wp\/v2\/media?parent=27012"}],"wp:term":[{"taxonomy":"category","embeddable":true,"href":"https:\/\/blogdorogeriogomes.com.br\/noticias\/wp-json\/wp\/v2\/categories?post=27012"},{"taxonomy":"post_tag","embeddable":true,"href":"https:\/\/blogdorogeriogomes.com.br\/noticias\/wp-json\/wp\/v2\/tags?post=27012"}],"curies":[{"name":"wp","href":"https:\/\/api.w.org\/{rel}","templated":true}]}}