{"id":27020,"date":"2022-09-29T11:54:06","date_gmt":"2022-09-29T11:54:06","guid":{"rendered":"https:\/\/blogdorogeriogomes.com.br\/?p=27020"},"modified":"2022-10-03T11:16:26","modified_gmt":"2022-10-03T11:16:26","slug":"em-pesquisa-da-cnn-brasil-elmano-de-freitas-se-distancia-na-primeira-posicao-com-451-capitao-wagner-e-segundo-com-336-e-roberto-claudio-em-terceiro-com-208","status":"publish","type":"post","link":"https:\/\/blogdorogeriogomes.com.br\/noticias\/2022\/09\/em-pesquisa-da-cnn-brasil-elmano-de-freitas-se-distancia-na-primeira-posicao-com-451-capitao-wagner-e-segundo-com-336-e-roberto-claudio-em-terceiro-com-208\/","title":{"rendered":"Em pesquisa da CNN Brasil, Elmano de Freitas se distancia na primeira posi\u00e7\u00e3o com 45,1%. Capit\u00e3o Wagner \u00e9 segundo com 33,6% e Roberto Cl\u00e1udio em terceiro com 20,8%"},"content":{"rendered":"\n<p>Pesquisa AtlasIntel\/CNN no Cear\u00e1, divulgada nesta quinta-feira, dia 29 de setembro, mostra o candidato do PT, Elmano de Freitas, assumindo a lideran\u00e7a de forma isolada na disputa pelo Governo do Cear\u00e1. O petista saiu de 34% na consulta de 17 de setembro para 45,1% dos votos v\u00e1lidos na pesquisa divulgada hoje. Um crescimento de praticamente 10%.<\/p>\n\n\n\n<p>Na segunda coloca\u00e7\u00e3o aparece Capit\u00e3o Wagner (Uni\u00e3o Brasil). Ele caiu de 39% para 33,6%. Em terceiro lugar est\u00e1 Roberto Cl\u00e1udio (PDT), que passou de 18% para 20,8%.<\/p>\n\n\n\n<p>Os \u00faltimos dias de campanha prometem ser intensos para os tr\u00eas candidatos que seguem visitando bairros de Fortaleza e munic\u00edpios no interior do Estado. Nesta quinta-feira, dia 29 de setembro, Elmano de Freitas, Capit\u00e3o Wagner e Roberto Cl\u00e1udio participam do \u00faltimo debate do 1\u00b0 turno na TV pela Jangadeiro.<\/p>\n\n\n\n<figure class=\"wp-block-image size-large\"><img loading=\"lazy\" decoding=\"async\" width=\"1024\" height=\"635\" src=\"https:\/\/blogdorogeriogomes.com.br\/wp-content\/uploads\/2022\/09\/IMG-20220929-WA0014-1024x635.jpg\" alt=\"\" class=\"wp-image-27021\" srcset=\"https:\/\/blogdorogeriogomes.com.br\/noticias\/wp-content\/uploads\/2022\/09\/IMG-20220929-WA0014-1024x635.jpg 1024w, https:\/\/blogdorogeriogomes.com.br\/noticias\/wp-content\/uploads\/2022\/09\/IMG-20220929-WA0014-300x186.jpg 300w, https:\/\/blogdorogeriogomes.com.br\/noticias\/wp-content\/uploads\/2022\/09\/IMG-20220929-WA0014-768x476.jpg 768w, https:\/\/blogdorogeriogomes.com.br\/noticias\/wp-content\/uploads\/2022\/09\/IMG-20220929-WA0014-800x496.jpg 800w, https:\/\/blogdorogeriogomes.com.br\/noticias\/wp-content\/uploads\/2022\/09\/IMG-20220929-WA0014.jpg 1280w\" sizes=\"auto, (max-width: 1024px) 100vw, 1024px\" \/><\/figure>\n\n\n\n<p><\/p>\n\n\n\n<p><\/p>\n\n\n\n<p><\/p>\n\n\n\n<p><\/p>\n\n\n\n<p><\/p>\n","protected":false},"excerpt":{"rendered":"<p>Pesquisa AtlasIntel\/CNN no Cear\u00e1, divulgada nesta quinta-feira, dia 29 de setembro, mostra o candidato do PT, Elmano de Freitas, assumindo a lideran\u00e7a de forma isolada na disputa pelo Governo do Cear\u00e1. O petista saiu de 34% na consulta de 17 de setembro para 45,1% dos votos v\u00e1lidos na pesquisa divulgada hoje. Um crescimento de praticamente 10%. Na segunda coloca\u00e7\u00e3o aparece Capit\u00e3o Wagner (Uni\u00e3o Brasil). Ele caiu de 39% para 33,6%. Em terceiro lugar est\u00e1 Roberto Cl\u00e1udio (PDT), que passou&hellip;<\/p>\n","protected":false},"author":1,"featured_media":27021,"comment_status":"open","ping_status":"open","sticky":false,"template":"","format":"standard","meta":{"footnotes":""},"categories":[1],"tags":[],"class_list":["post-27020","post","type-post","status-publish","format-standard","has-post-thumbnail","hentry","category-noticias"],"_links":{"self":[{"href":"https:\/\/blogdorogeriogomes.com.br\/noticias\/wp-json\/wp\/v2\/posts\/27020","targetHints":{"allow":["GET"]}}],"collection":[{"href":"https:\/\/blogdorogeriogomes.com.br\/noticias\/wp-json\/wp\/v2\/posts"}],"about":[{"href":"https:\/\/blogdorogeriogomes.com.br\/noticias\/wp-json\/wp\/v2\/types\/post"}],"author":[{"embeddable":true,"href":"https:\/\/blogdorogeriogomes.com.br\/noticias\/wp-json\/wp\/v2\/users\/1"}],"replies":[{"embeddable":true,"href":"https:\/\/blogdorogeriogomes.com.br\/noticias\/wp-json\/wp\/v2\/comments?post=27020"}],"version-history":[{"count":1,"href":"https:\/\/blogdorogeriogomes.com.br\/noticias\/wp-json\/wp\/v2\/posts\/27020\/revisions"}],"predecessor-version":[{"id":27022,"href":"https:\/\/blogdorogeriogomes.com.br\/noticias\/wp-json\/wp\/v2\/posts\/27020\/revisions\/27022"}],"wp:featuredmedia":[{"embeddable":true,"href":"https:\/\/blogdorogeriogomes.com.br\/noticias\/wp-json\/wp\/v2\/media\/27021"}],"wp:attachment":[{"href":"https:\/\/blogdorogeriogomes.com.br\/noticias\/wp-json\/wp\/v2\/media?parent=27020"}],"wp:term":[{"taxonomy":"category","embeddable":true,"href":"https:\/\/blogdorogeriogomes.com.br\/noticias\/wp-json\/wp\/v2\/categories?post=27020"},{"taxonomy":"post_tag","embeddable":true,"href":"https:\/\/blogdorogeriogomes.com.br\/noticias\/wp-json\/wp\/v2\/tags?post=27020"}],"curies":[{"name":"wp","href":"https:\/\/api.w.org\/{rel}","templated":true}]}}