{"id":27023,"date":"2022-09-29T18:25:32","date_gmt":"2022-09-29T18:25:32","guid":{"rendered":"https:\/\/blogdorogeriogomes.com.br\/?p=27023"},"modified":"2022-10-03T11:16:17","modified_gmt":"2022-10-03T11:16:17","slug":"seminario-economia-brasil-trouxe-presidente-da-caixa-economica-a-fortaleza","status":"publish","type":"post","link":"https:\/\/blogdorogeriogomes.com.br\/noticias\/2022\/09\/seminario-economia-brasil-trouxe-presidente-da-caixa-economica-a-fortaleza\/","title":{"rendered":"Semin\u00e1rio Economia Brasil trouxe presidente da Caixa Econ\u00f4mica a Fortaleza"},"content":{"rendered":"\n<p>Fortaleza recebeu hoje a segunda edi\u00e7\u00e3o do Semin\u00e1rio Economia Brasil, com o tema \u201cA Caixa e seus projetos para brasileiros e brasileiras\u201d. O evento contou com a presen\u00e7a de Daniella Marques, presidente da Caixa Econ\u00f4mica Federal.<\/p>\n\n\n\n<p>O Semin\u00e1rio Economia Brasil, com o tema \u201cA Caixa e seus projetos para brasileiros e brasileiras\u201d, foi uma oportunidade de reunir empres\u00e1rios e executivos. O grupo Lide Cear\u00e1, formado por l\u00edderes empresariais, tem aproveitado o semin\u00e1rio para ouvir autoridades p\u00fablicas da economia sobre os projetos para o Pa\u00eds.<\/p>\n\n\n\n<p>O evento contou com a presen\u00e7a de Daniella Marques, presidente da Caixa Econ\u00f4mica Federal, que falou dos investimentos do banco. Ela tamb\u00e9m falou das provid\u00eancias tomadas pela institui\u00e7\u00e3o depois das den\u00fancias de ass\u00e9dio contra as mulheres na Caixa, ap\u00f3s o afastamento do ex-presidente Pedro Guimar\u00e3es.<\/p>\n\n\n\n<figure class=\"wp-block-image size-large\"><img loading=\"lazy\" decoding=\"async\" width=\"1024\" height=\"871\" src=\"https:\/\/blogdorogeriogomes.com.br\/wp-content\/uploads\/2022\/09\/IMG_20220929_1332479743-1024x871.jpg\" alt=\"\" class=\"wp-image-27025\" srcset=\"https:\/\/blogdorogeriogomes.com.br\/noticias\/wp-content\/uploads\/2022\/09\/IMG_20220929_1332479743-1024x871.jpg 1024w, https:\/\/blogdorogeriogomes.com.br\/noticias\/wp-content\/uploads\/2022\/09\/IMG_20220929_1332479743-300x255.jpg 300w, https:\/\/blogdorogeriogomes.com.br\/noticias\/wp-content\/uploads\/2022\/09\/IMG_20220929_1332479743-768x653.jpg 768w, https:\/\/blogdorogeriogomes.com.br\/noticias\/wp-content\/uploads\/2022\/09\/IMG_20220929_1332479743-1536x1306.jpg 1536w, https:\/\/blogdorogeriogomes.com.br\/noticias\/wp-content\/uploads\/2022\/09\/IMG_20220929_1332479743-800x680.jpg 800w, https:\/\/blogdorogeriogomes.com.br\/noticias\/wp-content\/uploads\/2022\/09\/IMG_20220929_1332479743.jpg 1786w\" sizes=\"auto, (max-width: 1024px) 100vw, 1024px\" \/><\/figure>\n","protected":false},"excerpt":{"rendered":"<p>Fortaleza recebeu hoje a segunda edi\u00e7\u00e3o do Semin\u00e1rio Economia Brasil, com o tema \u201cA Caixa e seus projetos para brasileiros e brasileiras\u201d. O evento contou com a presen\u00e7a de Daniella Marques, presidente da Caixa Econ\u00f4mica Federal. O Semin\u00e1rio Economia Brasil, com o tema \u201cA Caixa e seus projetos para brasileiros e brasileiras\u201d, foi uma oportunidade de reunir empres\u00e1rios e executivos. O grupo Lide Cear\u00e1, formado por l\u00edderes empresariais, tem aproveitado o semin\u00e1rio para ouvir autoridades p\u00fablicas da economia sobre&hellip;<\/p>\n","protected":false},"author":1,"featured_media":27025,"comment_status":"open","ping_status":"open","sticky":false,"template":"","format":"standard","meta":{"footnotes":""},"categories":[1],"tags":[],"class_list":["post-27023","post","type-post","status-publish","format-standard","has-post-thumbnail","hentry","category-noticias"],"_links":{"self":[{"href":"https:\/\/blogdorogeriogomes.com.br\/noticias\/wp-json\/wp\/v2\/posts\/27023","targetHints":{"allow":["GET"]}}],"collection":[{"href":"https:\/\/blogdorogeriogomes.com.br\/noticias\/wp-json\/wp\/v2\/posts"}],"about":[{"href":"https:\/\/blogdorogeriogomes.com.br\/noticias\/wp-json\/wp\/v2\/types\/post"}],"author":[{"embeddable":true,"href":"https:\/\/blogdorogeriogomes.com.br\/noticias\/wp-json\/wp\/v2\/users\/1"}],"replies":[{"embeddable":true,"href":"https:\/\/blogdorogeriogomes.com.br\/noticias\/wp-json\/wp\/v2\/comments?post=27023"}],"version-history":[{"count":1,"href":"https:\/\/blogdorogeriogomes.com.br\/noticias\/wp-json\/wp\/v2\/posts\/27023\/revisions"}],"predecessor-version":[{"id":27026,"href":"https:\/\/blogdorogeriogomes.com.br\/noticias\/wp-json\/wp\/v2\/posts\/27023\/revisions\/27026"}],"wp:featuredmedia":[{"embeddable":true,"href":"https:\/\/blogdorogeriogomes.com.br\/noticias\/wp-json\/wp\/v2\/media\/27025"}],"wp:attachment":[{"href":"https:\/\/blogdorogeriogomes.com.br\/noticias\/wp-json\/wp\/v2\/media?parent=27023"}],"wp:term":[{"taxonomy":"category","embeddable":true,"href":"https:\/\/blogdorogeriogomes.com.br\/noticias\/wp-json\/wp\/v2\/categories?post=27023"},{"taxonomy":"post_tag","embeddable":true,"href":"https:\/\/blogdorogeriogomes.com.br\/noticias\/wp-json\/wp\/v2\/tags?post=27023"}],"curies":[{"name":"wp","href":"https:\/\/api.w.org\/{rel}","templated":true}]}}