{"id":27027,"date":"2022-09-29T19:37:30","date_gmt":"2022-09-29T19:37:30","guid":{"rendered":"https:\/\/blogdorogeriogomes.com.br\/?p=27027"},"modified":"2022-10-03T11:15:54","modified_gmt":"2022-10-03T11:15:54","slug":"prefeitura-de-fortaleza-envia-projeto-a-camara-para-instituir-gratuidade-na-tarifa-de-onibus-no-1-turno-das-eleicoes","status":"publish","type":"post","link":"https:\/\/blogdorogeriogomes.com.br\/noticias\/2022\/09\/prefeitura-de-fortaleza-envia-projeto-a-camara-para-instituir-gratuidade-na-tarifa-de-onibus-no-1-turno-das-eleicoes\/","title":{"rendered":"Prefeitura de Fortaleza envia projeto \u00e0 C\u00e2mara para instituir gratuidade na tarifa de \u00f4nibus no 1\u00b0 turno das elei\u00e7\u00f5es"},"content":{"rendered":"\n<p>O prefeito de Fortaleza, Jos\u00e9 Sarto, enviou para a C\u00e2mara Municipal, um projeto de lei instituindo a gratuidade do transporte p\u00fablico no dia das elei\u00e7\u00f5es. &#8220;J\u00e1 conversei com o presidente do Legislativo, vereador Ant\u00f4nio Henrique (PDT), que est\u00e1 convocando sess\u00e3o extraordin\u00e1ria nesta sexta-feira (dia 30 de setembro) para os vereadores votarem a mat\u00e9ria em regime de urg\u00eancia. Com a aprova\u00e7\u00e3o, j\u00e1 sancionarei imediatamente para valer j\u00e1 neste primeiro turno&#8221;, disse o prefeito Jos\u00e9 Sarto (PDT). <\/p>\n\n\n\n<p>Segundo Sarto, o Sindi\u00f4nibus vai garantir uma frota dobrada para o pr\u00f3ximo domingo, dia 2 de outubro. &#8220;Tudo isso para assegurar a participa\u00e7\u00e3o democr\u00e1tica de todos nestas elei\u00e7\u00f5es, especialmente de quem depende do transporte p\u00fablico na nossa cidade&#8221;, ressaltou o prefeito de Fortaleza.<\/p>\n\n\n\n<figure class=\"wp-block-image size-full\"><img loading=\"lazy\" decoding=\"async\" width=\"570\" height=\"380\" src=\"https:\/\/blogdorogeriogomes.com.br\/wp-content\/uploads\/2022\/09\/images-23.jpeg\" alt=\"\" class=\"wp-image-27028\" srcset=\"https:\/\/blogdorogeriogomes.com.br\/noticias\/wp-content\/uploads\/2022\/09\/images-23.jpeg 570w, https:\/\/blogdorogeriogomes.com.br\/noticias\/wp-content\/uploads\/2022\/09\/images-23-300x200.jpeg 300w\" sizes=\"auto, (max-width: 570px) 100vw, 570px\" \/><\/figure>\n","protected":false},"excerpt":{"rendered":"<p>O prefeito de Fortaleza, Jos\u00e9 Sarto, enviou para a C\u00e2mara Municipal, um projeto de lei instituindo a gratuidade do transporte p\u00fablico no dia das elei\u00e7\u00f5es. &#8220;J\u00e1 conversei com o presidente do Legislativo, vereador Ant\u00f4nio Henrique (PDT), que est\u00e1 convocando sess\u00e3o extraordin\u00e1ria nesta sexta-feira (dia 30 de setembro) para os vereadores votarem a mat\u00e9ria em regime de urg\u00eancia. Com a aprova\u00e7\u00e3o, j\u00e1 sancionarei imediatamente para valer j\u00e1 neste primeiro turno&#8221;, disse o prefeito Jos\u00e9 Sarto (PDT). Segundo Sarto, o Sindi\u00f4nibus&hellip;<\/p>\n","protected":false},"author":1,"featured_media":27028,"comment_status":"open","ping_status":"open","sticky":false,"template":"","format":"standard","meta":{"footnotes":""},"categories":[1],"tags":[],"class_list":["post-27027","post","type-post","status-publish","format-standard","has-post-thumbnail","hentry","category-noticias"],"_links":{"self":[{"href":"https:\/\/blogdorogeriogomes.com.br\/noticias\/wp-json\/wp\/v2\/posts\/27027","targetHints":{"allow":["GET"]}}],"collection":[{"href":"https:\/\/blogdorogeriogomes.com.br\/noticias\/wp-json\/wp\/v2\/posts"}],"about":[{"href":"https:\/\/blogdorogeriogomes.com.br\/noticias\/wp-json\/wp\/v2\/types\/post"}],"author":[{"embeddable":true,"href":"https:\/\/blogdorogeriogomes.com.br\/noticias\/wp-json\/wp\/v2\/users\/1"}],"replies":[{"embeddable":true,"href":"https:\/\/blogdorogeriogomes.com.br\/noticias\/wp-json\/wp\/v2\/comments?post=27027"}],"version-history":[{"count":1,"href":"https:\/\/blogdorogeriogomes.com.br\/noticias\/wp-json\/wp\/v2\/posts\/27027\/revisions"}],"predecessor-version":[{"id":27029,"href":"https:\/\/blogdorogeriogomes.com.br\/noticias\/wp-json\/wp\/v2\/posts\/27027\/revisions\/27029"}],"wp:featuredmedia":[{"embeddable":true,"href":"https:\/\/blogdorogeriogomes.com.br\/noticias\/wp-json\/wp\/v2\/media\/27028"}],"wp:attachment":[{"href":"https:\/\/blogdorogeriogomes.com.br\/noticias\/wp-json\/wp\/v2\/media?parent=27027"}],"wp:term":[{"taxonomy":"category","embeddable":true,"href":"https:\/\/blogdorogeriogomes.com.br\/noticias\/wp-json\/wp\/v2\/categories?post=27027"},{"taxonomy":"post_tag","embeddable":true,"href":"https:\/\/blogdorogeriogomes.com.br\/noticias\/wp-json\/wp\/v2\/tags?post=27027"}],"curies":[{"name":"wp","href":"https:\/\/api.w.org\/{rel}","templated":true}]}}