{"id":27033,"date":"2022-09-29T23:58:48","date_gmt":"2022-09-29T23:58:48","guid":{"rendered":"https:\/\/blogdorogeriogomes.com.br\/?p=27033"},"modified":"2022-10-03T11:15:34","modified_gmt":"2022-10-03T11:15:34","slug":"tse-proibe-transporte-de-armas-e-municoes-por-cacs-nas-eleicoes-do-proximo-domingo","status":"publish","type":"post","link":"https:\/\/blogdorogeriogomes.com.br\/noticias\/2022\/09\/tse-proibe-transporte-de-armas-e-municoes-por-cacs-nas-eleicoes-do-proximo-domingo\/","title":{"rendered":"TSE pro\u00edbe transporte de armas e muni\u00e7\u00f5es por CACs nas elei\u00e7\u00f5es do pr\u00f3ximo domingo"},"content":{"rendered":"\n<p>O&nbsp;Tribunal Superior Eleitoral (TSE) decidiu, por unanimidade, nesta quinta-feira, dia 29 de setembro, proibir o transporte de armas e muni\u00e7\u00f5es&nbsp;por colecionadores, atiradores desportivos e ca\u00e7adores&nbsp;(CACs) na v\u00e9spera, no dia das elei\u00e7\u00f5es e nas 24 horas do dia seguinte ao pleito.<\/p>\n\n\n\n<p>Segundo a proposta aprovada pela Corte, fica proibido no per\u00edodo o transporte de armas e muni\u00e7\u00f5es em&nbsp;todo territ\u00f3rio nacional&nbsp;por parte dos CACs,&nbsp;sob pena de pris\u00e3o em flagrante, por porte ilegal de arma, em caso de descumprimento.<\/p>\n\n\n\n<figure class=\"wp-block-image size-full\"><img loading=\"lazy\" decoding=\"async\" width=\"984\" height=\"656\" src=\"https:\/\/blogdorogeriogomes.com.br\/wp-content\/uploads\/2022\/09\/000-32hq6r3.jpg\" alt=\"\" class=\"wp-image-27034\" srcset=\"https:\/\/blogdorogeriogomes.com.br\/noticias\/wp-content\/uploads\/2022\/09\/000-32hq6r3.jpg 984w, https:\/\/blogdorogeriogomes.com.br\/noticias\/wp-content\/uploads\/2022\/09\/000-32hq6r3-300x200.jpg 300w, https:\/\/blogdorogeriogomes.com.br\/noticias\/wp-content\/uploads\/2022\/09\/000-32hq6r3-768x512.jpg 768w, https:\/\/blogdorogeriogomes.com.br\/noticias\/wp-content\/uploads\/2022\/09\/000-32hq6r3-800x533.jpg 800w\" sizes=\"auto, (max-width: 984px) 100vw, 984px\" \/><\/figure>\n","protected":false},"excerpt":{"rendered":"<p>O&nbsp;Tribunal Superior Eleitoral (TSE) decidiu, por unanimidade, nesta quinta-feira, dia 29 de setembro, proibir o transporte de armas e muni\u00e7\u00f5es&nbsp;por colecionadores, atiradores desportivos e ca\u00e7adores&nbsp;(CACs) na v\u00e9spera, no dia das elei\u00e7\u00f5es e nas 24 horas do dia seguinte ao pleito. Segundo a proposta aprovada pela Corte, fica proibido no per\u00edodo o transporte de armas e muni\u00e7\u00f5es em&nbsp;todo territ\u00f3rio nacional&nbsp;por parte dos CACs,&nbsp;sob pena de pris\u00e3o em flagrante, por porte ilegal de arma, em caso de descumprimento.<\/p>\n","protected":false},"author":1,"featured_media":27034,"comment_status":"open","ping_status":"open","sticky":false,"template":"","format":"standard","meta":{"footnotes":""},"categories":[1],"tags":[],"class_list":["post-27033","post","type-post","status-publish","format-standard","has-post-thumbnail","hentry","category-noticias"],"_links":{"self":[{"href":"https:\/\/blogdorogeriogomes.com.br\/noticias\/wp-json\/wp\/v2\/posts\/27033","targetHints":{"allow":["GET"]}}],"collection":[{"href":"https:\/\/blogdorogeriogomes.com.br\/noticias\/wp-json\/wp\/v2\/posts"}],"about":[{"href":"https:\/\/blogdorogeriogomes.com.br\/noticias\/wp-json\/wp\/v2\/types\/post"}],"author":[{"embeddable":true,"href":"https:\/\/blogdorogeriogomes.com.br\/noticias\/wp-json\/wp\/v2\/users\/1"}],"replies":[{"embeddable":true,"href":"https:\/\/blogdorogeriogomes.com.br\/noticias\/wp-json\/wp\/v2\/comments?post=27033"}],"version-history":[{"count":2,"href":"https:\/\/blogdorogeriogomes.com.br\/noticias\/wp-json\/wp\/v2\/posts\/27033\/revisions"}],"predecessor-version":[{"id":27089,"href":"https:\/\/blogdorogeriogomes.com.br\/noticias\/wp-json\/wp\/v2\/posts\/27033\/revisions\/27089"}],"wp:featuredmedia":[{"embeddable":true,"href":"https:\/\/blogdorogeriogomes.com.br\/noticias\/wp-json\/wp\/v2\/media\/27034"}],"wp:attachment":[{"href":"https:\/\/blogdorogeriogomes.com.br\/noticias\/wp-json\/wp\/v2\/media?parent=27033"}],"wp:term":[{"taxonomy":"category","embeddable":true,"href":"https:\/\/blogdorogeriogomes.com.br\/noticias\/wp-json\/wp\/v2\/categories?post=27033"},{"taxonomy":"post_tag","embeddable":true,"href":"https:\/\/blogdorogeriogomes.com.br\/noticias\/wp-json\/wp\/v2\/tags?post=27033"}],"curies":[{"name":"wp","href":"https:\/\/api.w.org\/{rel}","templated":true}]}}