{"id":27040,"date":"2022-09-30T12:12:17","date_gmt":"2022-09-30T12:12:17","guid":{"rendered":"https:\/\/blogdorogeriogomes.com.br\/?p=27040"},"modified":"2022-10-03T11:15:18","modified_gmt":"2022-10-03T11:15:18","slug":"pib-do-ceara-tem-crescimento-superior-ao-do-pais-no-segundo-semestre-239","status":"publish","type":"post","link":"https:\/\/blogdorogeriogomes.com.br\/noticias\/2022\/09\/pib-do-ceara-tem-crescimento-superior-ao-do-pais-no-segundo-semestre-239\/","title":{"rendered":"PIB do Cear\u00e1 tem crescimento superior ao do Pa\u00eds no segundo semestre: 2,39%"},"content":{"rendered":"\n<p>O Instituto de Pesquisa e Estrat\u00e9gia Econ\u00f4mica do Cear\u00e1 (Ipece) confirma que o PIB do Cear\u00e1 no segundo semestre foi superior ao registrado no Brasil. O PIB do Cear\u00e1 cresceu 2,39% no segundo trimestre de 2022, o dobro do Pa\u00eds, que foi de 1,2%. A compara\u00e7\u00e3o \u00e9 com o primeiro trimestre deste ano.<\/p>\n\n\n\n<p>Segundo a governadora do Cear\u00e1, Izolda Cela, o aumento do Produto Interno Bruto (PIB) no segundo trimestre de 2022 foi de 3,38%, comparado ao mesmo per\u00edodo do ano passado. Resultado tamb\u00e9m superior ao do Brasil, de 3,2%.&nbsp;<br><\/p>\n\n\n\n<figure class=\"wp-block-image size-full\"><img loading=\"lazy\" decoding=\"async\" width=\"678\" height=\"452\" src=\"https:\/\/blogdorogeriogomes.com.br\/wp-content\/uploads\/2022\/09\/images-25.jpeg\" alt=\"\" class=\"wp-image-27041\" srcset=\"https:\/\/blogdorogeriogomes.com.br\/noticias\/wp-content\/uploads\/2022\/09\/images-25.jpeg 678w, https:\/\/blogdorogeriogomes.com.br\/noticias\/wp-content\/uploads\/2022\/09\/images-25-300x200.jpeg 300w\" sizes=\"auto, (max-width: 678px) 100vw, 678px\" \/><\/figure>\n\n\n\n<p><br><\/p>\n","protected":false},"excerpt":{"rendered":"<p>O Instituto de Pesquisa e Estrat\u00e9gia Econ\u00f4mica do Cear\u00e1 (Ipece) confirma que o PIB do Cear\u00e1 no segundo semestre foi superior ao registrado no Brasil. O PIB do Cear\u00e1 cresceu 2,39% no segundo trimestre de 2022, o dobro do Pa\u00eds, que foi de 1,2%. A compara\u00e7\u00e3o \u00e9 com o primeiro trimestre deste ano. Segundo a governadora do Cear\u00e1, Izolda Cela, o aumento do Produto Interno Bruto (PIB) no segundo trimestre de 2022 foi de 3,38%, comparado ao mesmo per\u00edodo&hellip;<\/p>\n","protected":false},"author":1,"featured_media":27041,"comment_status":"open","ping_status":"open","sticky":false,"template":"","format":"standard","meta":{"footnotes":""},"categories":[1],"tags":[],"class_list":["post-27040","post","type-post","status-publish","format-standard","has-post-thumbnail","hentry","category-noticias"],"_links":{"self":[{"href":"https:\/\/blogdorogeriogomes.com.br\/noticias\/wp-json\/wp\/v2\/posts\/27040","targetHints":{"allow":["GET"]}}],"collection":[{"href":"https:\/\/blogdorogeriogomes.com.br\/noticias\/wp-json\/wp\/v2\/posts"}],"about":[{"href":"https:\/\/blogdorogeriogomes.com.br\/noticias\/wp-json\/wp\/v2\/types\/post"}],"author":[{"embeddable":true,"href":"https:\/\/blogdorogeriogomes.com.br\/noticias\/wp-json\/wp\/v2\/users\/1"}],"replies":[{"embeddable":true,"href":"https:\/\/blogdorogeriogomes.com.br\/noticias\/wp-json\/wp\/v2\/comments?post=27040"}],"version-history":[{"count":2,"href":"https:\/\/blogdorogeriogomes.com.br\/noticias\/wp-json\/wp\/v2\/posts\/27040\/revisions"}],"predecessor-version":[{"id":27088,"href":"https:\/\/blogdorogeriogomes.com.br\/noticias\/wp-json\/wp\/v2\/posts\/27040\/revisions\/27088"}],"wp:featuredmedia":[{"embeddable":true,"href":"https:\/\/blogdorogeriogomes.com.br\/noticias\/wp-json\/wp\/v2\/media\/27041"}],"wp:attachment":[{"href":"https:\/\/blogdorogeriogomes.com.br\/noticias\/wp-json\/wp\/v2\/media?parent=27040"}],"wp:term":[{"taxonomy":"category","embeddable":true,"href":"https:\/\/blogdorogeriogomes.com.br\/noticias\/wp-json\/wp\/v2\/categories?post=27040"},{"taxonomy":"post_tag","embeddable":true,"href":"https:\/\/blogdorogeriogomes.com.br\/noticias\/wp-json\/wp\/v2\/tags?post=27040"}],"curies":[{"name":"wp","href":"https:\/\/api.w.org\/{rel}","templated":true}]}}