{"id":27043,"date":"2022-09-30T13:00:42","date_gmt":"2022-09-30T13:00:42","guid":{"rendered":"https:\/\/blogdorogeriogomes.com.br\/?p=27043"},"modified":"2022-10-03T11:15:02","modified_gmt":"2022-10-03T11:15:02","slug":"elmano-pt-tem-39-capitao-wagner-ub-soma-32-e-roberto-claudio-pdt-com-18-diz-real-time-big-data","status":"publish","type":"post","link":"https:\/\/blogdorogeriogomes.com.br\/noticias\/2022\/09\/elmano-pt-tem-39-capitao-wagner-ub-soma-32-e-roberto-claudio-pdt-com-18-diz-real-time-big-data\/","title":{"rendered":"Elmano (PT) tem 39%; Capit\u00e3o Wagner (UB) soma 32%; e Roberto Cl\u00e1udio (PDT) com 18%, diz Real Time Big Data"},"content":{"rendered":"\n<p>Nesta sexta-feira, dia 30 de setembro, foi divulgada nova pesquisa ao Governo do Cear\u00e1 e Senado da Real Time Big Data, contratada pela RecordTV, e que confirma o candidato do PT, Elmano Freitas, com 39% das inten\u00e7\u00f5es de votos e na lideran\u00e7a da disputa. Em seguida vem Capit\u00e3o Wagner (Uni\u00e3o Brasil) com 32%, e Roberto Cl\u00e1udio (PDT) com 18%.<\/p>\n\n\n\n<p>J\u00e1 para o Senado, Camilo Santana (PT) aparece com 64%, Kamila Cardoso (Avante) com 15% e \u00c9rika Amorim (PSD) tem 5%.<\/p>\n\n\n\n<figure class=\"wp-block-image size-full\"><img loading=\"lazy\" decoding=\"async\" width=\"984\" height=\"554\" src=\"https:\/\/blogdorogeriogomes.com.br\/wp-content\/uploads\/2022\/09\/candidatos-governador-do-ceara-2.jpg\" alt=\"\" class=\"wp-image-27044\" srcset=\"https:\/\/blogdorogeriogomes.com.br\/noticias\/wp-content\/uploads\/2022\/09\/candidatos-governador-do-ceara-2.jpg 984w, https:\/\/blogdorogeriogomes.com.br\/noticias\/wp-content\/uploads\/2022\/09\/candidatos-governador-do-ceara-2-300x169.jpg 300w, https:\/\/blogdorogeriogomes.com.br\/noticias\/wp-content\/uploads\/2022\/09\/candidatos-governador-do-ceara-2-768x432.jpg 768w, https:\/\/blogdorogeriogomes.com.br\/noticias\/wp-content\/uploads\/2022\/09\/candidatos-governador-do-ceara-2-800x450.jpg 800w\" sizes=\"auto, (max-width: 984px) 100vw, 984px\" \/><\/figure>\n","protected":false},"excerpt":{"rendered":"<p>Nesta sexta-feira, dia 30 de setembro, foi divulgada nova pesquisa ao Governo do Cear\u00e1 e Senado da Real Time Big Data, contratada pela RecordTV, e que confirma o candidato do PT, Elmano Freitas, com 39% das inten\u00e7\u00f5es de votos e na lideran\u00e7a da disputa. Em seguida vem Capit\u00e3o Wagner (Uni\u00e3o Brasil) com 32%, e Roberto Cl\u00e1udio (PDT) com 18%. J\u00e1 para o Senado, Camilo Santana (PT) aparece com 64%, Kamila Cardoso (Avante) com 15% e \u00c9rika Amorim (PSD) tem&hellip;<\/p>\n","protected":false},"author":1,"featured_media":27044,"comment_status":"open","ping_status":"open","sticky":false,"template":"","format":"standard","meta":{"footnotes":""},"categories":[1],"tags":[],"class_list":["post-27043","post","type-post","status-publish","format-standard","has-post-thumbnail","hentry","category-noticias"],"_links":{"self":[{"href":"https:\/\/blogdorogeriogomes.com.br\/noticias\/wp-json\/wp\/v2\/posts\/27043","targetHints":{"allow":["GET"]}}],"collection":[{"href":"https:\/\/blogdorogeriogomes.com.br\/noticias\/wp-json\/wp\/v2\/posts"}],"about":[{"href":"https:\/\/blogdorogeriogomes.com.br\/noticias\/wp-json\/wp\/v2\/types\/post"}],"author":[{"embeddable":true,"href":"https:\/\/blogdorogeriogomes.com.br\/noticias\/wp-json\/wp\/v2\/users\/1"}],"replies":[{"embeddable":true,"href":"https:\/\/blogdorogeriogomes.com.br\/noticias\/wp-json\/wp\/v2\/comments?post=27043"}],"version-history":[{"count":1,"href":"https:\/\/blogdorogeriogomes.com.br\/noticias\/wp-json\/wp\/v2\/posts\/27043\/revisions"}],"predecessor-version":[{"id":27045,"href":"https:\/\/blogdorogeriogomes.com.br\/noticias\/wp-json\/wp\/v2\/posts\/27043\/revisions\/27045"}],"wp:featuredmedia":[{"embeddable":true,"href":"https:\/\/blogdorogeriogomes.com.br\/noticias\/wp-json\/wp\/v2\/media\/27044"}],"wp:attachment":[{"href":"https:\/\/blogdorogeriogomes.com.br\/noticias\/wp-json\/wp\/v2\/media?parent=27043"}],"wp:term":[{"taxonomy":"category","embeddable":true,"href":"https:\/\/blogdorogeriogomes.com.br\/noticias\/wp-json\/wp\/v2\/categories?post=27043"},{"taxonomy":"post_tag","embeddable":true,"href":"https:\/\/blogdorogeriogomes.com.br\/noticias\/wp-json\/wp\/v2\/tags?post=27043"}],"curies":[{"name":"wp","href":"https:\/\/api.w.org\/{rel}","templated":true}]}}