{"id":27049,"date":"2022-10-01T12:47:34","date_gmt":"2022-10-01T12:47:34","guid":{"rendered":"https:\/\/blogdorogeriogomes.com.br\/?p=27049"},"modified":"2022-10-03T11:14:37","modified_gmt":"2022-10-03T11:14:37","slug":"candidatos-ao-governo-do-ceara-mobilizam-eleitores-na-reta-final-de-campanha","status":"publish","type":"post","link":"https:\/\/blogdorogeriogomes.com.br\/noticias\/2022\/10\/candidatos-ao-governo-do-ceara-mobilizam-eleitores-na-reta-final-de-campanha\/","title":{"rendered":"Candidatos ao Governo do Cear\u00e1 mobilizam eleitores na reta final de campanha"},"content":{"rendered":"\n<p>A sexta-feira, dia 30 de setembro, foi de atos de campanha importantes no Cear\u00e1 envolvendo os candidatos ao Governo do Estado.<\/p>\n\n\n\n<p>Elmano de Freitas (PT) participou de uma caminhada pelo Centro de Fortaleza ao lado do candidato \u00e0 Presid\u00eancia da Rep\u00fablica, Lula, e tamb\u00e9m do candidato ao Senado, Camilo Santana. A comitiva desfilou da Pra\u00e7a da Bandeira a Pra\u00e7a do Ferreira.<\/p>\n\n\n\n<p>Roberto Cl\u00e1udio (PDT) foi a Sobral onde participou de uma carreata ao lado de Ciro Gomes, candidato \u00e0 Presid\u00eancia da Rep\u00fablica pelo PDT. O ato de campanha n\u00e3o contou com a presen\u00e7a dos irm\u00e3os de Ciro, o senador Cid Gomes e o prefeito de Sobral, Ivo Gomes.<\/p>\n\n\n\n<p>Capit\u00e3o Wagner (Uni\u00e3o Brasil) tamb\u00e9m escolheu Sobral para fazer uma motociata nesta sexta-feira. <\/p>\n\n\n\n<figure class=\"wp-block-image size-large\"><img loading=\"lazy\" decoding=\"async\" width=\"1024\" height=\"683\" src=\"https:\/\/blogdorogeriogomes.com.br\/wp-content\/uploads\/2022\/10\/JW02564-1024x683.jpg\" alt=\"\" class=\"wp-image-27050\" srcset=\"https:\/\/blogdorogeriogomes.com.br\/noticias\/wp-content\/uploads\/2022\/10\/JW02564-1024x683.jpg 1024w, https:\/\/blogdorogeriogomes.com.br\/noticias\/wp-content\/uploads\/2022\/10\/JW02564-300x200.jpg 300w, https:\/\/blogdorogeriogomes.com.br\/noticias\/wp-content\/uploads\/2022\/10\/JW02564-768x512.jpg 768w, https:\/\/blogdorogeriogomes.com.br\/noticias\/wp-content\/uploads\/2022\/10\/JW02564-1536x1024.jpg 1536w, https:\/\/blogdorogeriogomes.com.br\/noticias\/wp-content\/uploads\/2022\/10\/JW02564-800x533.jpg 800w, https:\/\/blogdorogeriogomes.com.br\/noticias\/wp-content\/uploads\/2022\/10\/JW02564.jpg 1920w\" sizes=\"auto, (max-width: 1024px) 100vw, 1024px\" \/><\/figure>\n\n\n\n<figure class=\"wp-block-image size-large\"><img loading=\"lazy\" decoding=\"async\" width=\"1024\" height=\"682\" src=\"https:\/\/blogdorogeriogomes.com.br\/wp-content\/uploads\/2022\/10\/IMG-20221001-WA0036-1024x682.jpg\" alt=\"\" class=\"wp-image-27051\" srcset=\"https:\/\/blogdorogeriogomes.com.br\/noticias\/wp-content\/uploads\/2022\/10\/IMG-20221001-WA0036-1024x682.jpg 1024w, https:\/\/blogdorogeriogomes.com.br\/noticias\/wp-content\/uploads\/2022\/10\/IMG-20221001-WA0036-300x200.jpg 300w, https:\/\/blogdorogeriogomes.com.br\/noticias\/wp-content\/uploads\/2022\/10\/IMG-20221001-WA0036-768x512.jpg 768w, https:\/\/blogdorogeriogomes.com.br\/noticias\/wp-content\/uploads\/2022\/10\/IMG-20221001-WA0036-800x533.jpg 800w, https:\/\/blogdorogeriogomes.com.br\/noticias\/wp-content\/uploads\/2022\/10\/IMG-20221001-WA0036.jpg 1280w\" sizes=\"auto, (max-width: 1024px) 100vw, 1024px\" \/><\/figure>\n\n\n\n<figure class=\"wp-block-image size-full\"><img loading=\"lazy\" decoding=\"async\" width=\"460\" height=\"274\" src=\"https:\/\/blogdorogeriogomes.com.br\/wp-content\/uploads\/2022\/10\/1__mg_5868-19834220.jpg\" alt=\"\" class=\"wp-image-27052\" srcset=\"https:\/\/blogdorogeriogomes.com.br\/noticias\/wp-content\/uploads\/2022\/10\/1__mg_5868-19834220.jpg 460w, https:\/\/blogdorogeriogomes.com.br\/noticias\/wp-content\/uploads\/2022\/10\/1__mg_5868-19834220-300x179.jpg 300w\" sizes=\"auto, (max-width: 460px) 100vw, 460px\" \/><\/figure>\n","protected":false},"excerpt":{"rendered":"<p>A sexta-feira, dia 30 de setembro, foi de atos de campanha importantes no Cear\u00e1 envolvendo os candidatos ao Governo do Estado. Elmano de Freitas (PT) participou de uma caminhada pelo Centro de Fortaleza ao lado do candidato \u00e0 Presid\u00eancia da Rep\u00fablica, Lula, e tamb\u00e9m do candidato ao Senado, Camilo Santana. A comitiva desfilou da Pra\u00e7a da Bandeira a Pra\u00e7a do Ferreira. Roberto Cl\u00e1udio (PDT) foi a Sobral onde participou de uma carreata ao lado de Ciro Gomes, candidato \u00e0&hellip;<\/p>\n","protected":false},"author":1,"featured_media":27050,"comment_status":"open","ping_status":"open","sticky":false,"template":"","format":"standard","meta":{"footnotes":""},"categories":[1],"tags":[],"class_list":["post-27049","post","type-post","status-publish","format-standard","has-post-thumbnail","hentry","category-noticias"],"_links":{"self":[{"href":"https:\/\/blogdorogeriogomes.com.br\/noticias\/wp-json\/wp\/v2\/posts\/27049","targetHints":{"allow":["GET"]}}],"collection":[{"href":"https:\/\/blogdorogeriogomes.com.br\/noticias\/wp-json\/wp\/v2\/posts"}],"about":[{"href":"https:\/\/blogdorogeriogomes.com.br\/noticias\/wp-json\/wp\/v2\/types\/post"}],"author":[{"embeddable":true,"href":"https:\/\/blogdorogeriogomes.com.br\/noticias\/wp-json\/wp\/v2\/users\/1"}],"replies":[{"embeddable":true,"href":"https:\/\/blogdorogeriogomes.com.br\/noticias\/wp-json\/wp\/v2\/comments?post=27049"}],"version-history":[{"count":1,"href":"https:\/\/blogdorogeriogomes.com.br\/noticias\/wp-json\/wp\/v2\/posts\/27049\/revisions"}],"predecessor-version":[{"id":27053,"href":"https:\/\/blogdorogeriogomes.com.br\/noticias\/wp-json\/wp\/v2\/posts\/27049\/revisions\/27053"}],"wp:featuredmedia":[{"embeddable":true,"href":"https:\/\/blogdorogeriogomes.com.br\/noticias\/wp-json\/wp\/v2\/media\/27050"}],"wp:attachment":[{"href":"https:\/\/blogdorogeriogomes.com.br\/noticias\/wp-json\/wp\/v2\/media?parent=27049"}],"wp:term":[{"taxonomy":"category","embeddable":true,"href":"https:\/\/blogdorogeriogomes.com.br\/noticias\/wp-json\/wp\/v2\/categories?post=27049"},{"taxonomy":"post_tag","embeddable":true,"href":"https:\/\/blogdorogeriogomes.com.br\/noticias\/wp-json\/wp\/v2\/tags?post=27049"}],"curies":[{"name":"wp","href":"https:\/\/api.w.org\/{rel}","templated":true}]}}