{"id":27054,"date":"2022-10-01T13:06:33","date_gmt":"2022-10-01T13:06:33","guid":{"rendered":"https:\/\/blogdorogeriogomes.com.br\/?p=27054"},"modified":"2022-10-03T11:14:26","modified_gmt":"2022-10-03T11:14:26","slug":"governadora-izolda-cela-recepciona-lula-na-sua-passagem-por-fortaleza","status":"publish","type":"post","link":"https:\/\/blogdorogeriogomes.com.br\/noticias\/2022\/10\/governadora-izolda-cela-recepciona-lula-na-sua-passagem-por-fortaleza\/","title":{"rendered":"Governadora Izolda Cela recepciona Lula na sua passagem por Fortaleza"},"content":{"rendered":"\n<p>Sem partido, ap\u00f3s deixar o PDT, a governadora Izolda Cela recepcionou o candidato do PT \u00e0 Presid\u00eancia da Rep\u00fablica, Lula, nesta sexta-feira, dia 30 de setembro, na passagem do petista por Fortaleza. O encontro tamb\u00e9m teve a presen\u00e7a de Elmano de Freitas, que concorre ao Governo do Estado pelo PT, e de Camilo Santana, candidato ao Senado.<\/p>\n\n\n\n<p>Durante a semana, Izolda Cela confirmou que vai votar em Elmano de Freitas para governador e gravou um depoimento de apoio, que foi utilizado na propaganda eleitoral do petista.<\/p>\n\n\n\n<figure class=\"wp-block-image size-large\"><img loading=\"lazy\" decoding=\"async\" width=\"1024\" height=\"670\" src=\"https:\/\/blogdorogeriogomes.com.br\/wp-content\/uploads\/2022\/10\/IMG-20220930-WA0229-1024x670.jpg\" alt=\"\" class=\"wp-image-27055\" srcset=\"https:\/\/blogdorogeriogomes.com.br\/noticias\/wp-content\/uploads\/2022\/10\/IMG-20220930-WA0229-1024x670.jpg 1024w, https:\/\/blogdorogeriogomes.com.br\/noticias\/wp-content\/uploads\/2022\/10\/IMG-20220930-WA0229-300x196.jpg 300w, https:\/\/blogdorogeriogomes.com.br\/noticias\/wp-content\/uploads\/2022\/10\/IMG-20220930-WA0229-768x503.jpg 768w, https:\/\/blogdorogeriogomes.com.br\/noticias\/wp-content\/uploads\/2022\/10\/IMG-20220930-WA0229-800x524.jpg 800w, https:\/\/blogdorogeriogomes.com.br\/noticias\/wp-content\/uploads\/2022\/10\/IMG-20220930-WA0229.jpg 1242w\" sizes=\"auto, (max-width: 1024px) 100vw, 1024px\" \/><\/figure>\n","protected":false},"excerpt":{"rendered":"<p>Sem partido, ap\u00f3s deixar o PDT, a governadora Izolda Cela recepcionou o candidato do PT \u00e0 Presid\u00eancia da Rep\u00fablica, Lula, nesta sexta-feira, dia 30 de setembro, na passagem do petista por Fortaleza. O encontro tamb\u00e9m teve a presen\u00e7a de Elmano de Freitas, que concorre ao Governo do Estado pelo PT, e de Camilo Santana, candidato ao Senado. Durante a semana, Izolda Cela confirmou que vai votar em Elmano de Freitas para governador e gravou um depoimento de apoio, que&hellip;<\/p>\n","protected":false},"author":1,"featured_media":27055,"comment_status":"open","ping_status":"open","sticky":false,"template":"","format":"standard","meta":{"footnotes":""},"categories":[1],"tags":[],"class_list":["post-27054","post","type-post","status-publish","format-standard","has-post-thumbnail","hentry","category-noticias"],"_links":{"self":[{"href":"https:\/\/blogdorogeriogomes.com.br\/noticias\/wp-json\/wp\/v2\/posts\/27054","targetHints":{"allow":["GET"]}}],"collection":[{"href":"https:\/\/blogdorogeriogomes.com.br\/noticias\/wp-json\/wp\/v2\/posts"}],"about":[{"href":"https:\/\/blogdorogeriogomes.com.br\/noticias\/wp-json\/wp\/v2\/types\/post"}],"author":[{"embeddable":true,"href":"https:\/\/blogdorogeriogomes.com.br\/noticias\/wp-json\/wp\/v2\/users\/1"}],"replies":[{"embeddable":true,"href":"https:\/\/blogdorogeriogomes.com.br\/noticias\/wp-json\/wp\/v2\/comments?post=27054"}],"version-history":[{"count":1,"href":"https:\/\/blogdorogeriogomes.com.br\/noticias\/wp-json\/wp\/v2\/posts\/27054\/revisions"}],"predecessor-version":[{"id":27056,"href":"https:\/\/blogdorogeriogomes.com.br\/noticias\/wp-json\/wp\/v2\/posts\/27054\/revisions\/27056"}],"wp:featuredmedia":[{"embeddable":true,"href":"https:\/\/blogdorogeriogomes.com.br\/noticias\/wp-json\/wp\/v2\/media\/27055"}],"wp:attachment":[{"href":"https:\/\/blogdorogeriogomes.com.br\/noticias\/wp-json\/wp\/v2\/media?parent=27054"}],"wp:term":[{"taxonomy":"category","embeddable":true,"href":"https:\/\/blogdorogeriogomes.com.br\/noticias\/wp-json\/wp\/v2\/categories?post=27054"},{"taxonomy":"post_tag","embeddable":true,"href":"https:\/\/blogdorogeriogomes.com.br\/noticias\/wp-json\/wp\/v2\/tags?post=27054"}],"curies":[{"name":"wp","href":"https:\/\/api.w.org\/{rel}","templated":true}]}}