{"id":27057,"date":"2022-10-01T15:22:11","date_gmt":"2022-10-01T15:22:11","guid":{"rendered":"https:\/\/blogdorogeriogomes.com.br\/?p=27057"},"modified":"2022-10-03T11:14:14","modified_gmt":"2022-10-03T11:14:14","slug":"nova-pesquisa-ipespe-mostra-elmano-com-39-wagner-com-37-e-rc-com-23-nos-votos-validos","status":"publish","type":"post","link":"https:\/\/blogdorogeriogomes.com.br\/noticias\/2022\/10\/nova-pesquisa-ipespe-mostra-elmano-com-39-wagner-com-37-e-rc-com-23-nos-votos-validos\/","title":{"rendered":"Nova pesquisa Ipespe mostra Elmano com 39%; Wagner com 37% e RC com 23% nos votos v\u00e1lidos"},"content":{"rendered":"\n<p>Nova pesquisa Ipespe, contratada pelo jornal O POVO e divulgada neste s\u00e1bado, dia 1\u00b0 de outubro, trouxe o candidato do PT ao Governo do Cear\u00e1, Elmano de Freitas, com 39% das inten\u00e7\u00f5es de votos v\u00e1lidos. Capit\u00e3o Wagner, do Uni\u00e3o Brasil, tem 37%. Os dois est\u00e3o empatados tecnicamente. Roberto Cl\u00e1udio, do PDT, aparece com 23%.&nbsp;<\/p>\n\n\n\n<p>Na pesquisa estimulada em votos totais, na qual aparecem brancos, nulos e indecisos, Elmano Freitas tem 33%. Capit\u00e3o Wagner&nbsp;caiu para 31%.&nbsp;Roberto Cl\u00e1udio aparece&nbsp;com 20%.<\/p>\n\n\n\n<p>Na \u00faltima consulta do Ipespe, realizada em 22 de setembro, Capit\u00e3o Wagner tinha 37% e agora registra queda de seis pontos percentuais. Elmano de Freitas estava na segunda coloca\u00e7\u00e3o e tinha 28%. Na nova pesquisa, o petista registra crescimento de cinco pontos percentuais. RC cresceu um ponto.<\/p>\n\n\n\n<p>O Ipespe ouviu 1.000 eleitores do Cear\u00e1 entre os dias 28 e 30 de setembro. As entrevistas foram feitas por telefone. <\/p>\n\n\n\n<figure class=\"wp-block-image size-full\"><img loading=\"lazy\" decoding=\"async\" width=\"506\" height=\"360\" src=\"https:\/\/blogdorogeriogomes.com.br\/wp-content\/uploads\/2022\/10\/1_elmano_de_freitas_capitao_wagner_roberto_claudio-19817538.jpg\" alt=\"\" class=\"wp-image-27058\" srcset=\"https:\/\/blogdorogeriogomes.com.br\/noticias\/wp-content\/uploads\/2022\/10\/1_elmano_de_freitas_capitao_wagner_roberto_claudio-19817538.jpg 506w, https:\/\/blogdorogeriogomes.com.br\/noticias\/wp-content\/uploads\/2022\/10\/1_elmano_de_freitas_capitao_wagner_roberto_claudio-19817538-300x213.jpg 300w\" sizes=\"auto, (max-width: 506px) 100vw, 506px\" \/><\/figure>\n\n\n\n<p><br><\/p>\n\n\n\n<p><br><\/p>\n","protected":false},"excerpt":{"rendered":"<p>Nova pesquisa Ipespe, contratada pelo jornal O POVO e divulgada neste s\u00e1bado, dia 1\u00b0 de outubro, trouxe o candidato do PT ao Governo do Cear\u00e1, Elmano de Freitas, com 39% das inten\u00e7\u00f5es de votos v\u00e1lidos. Capit\u00e3o Wagner, do Uni\u00e3o Brasil, tem 37%. Os dois est\u00e3o empatados tecnicamente. Roberto Cl\u00e1udio, do PDT, aparece com 23%.&nbsp; Na pesquisa estimulada em votos totais, na qual aparecem brancos, nulos e indecisos, Elmano Freitas tem 33%. Capit\u00e3o Wagner&nbsp;caiu para 31%.&nbsp;Roberto Cl\u00e1udio aparece&nbsp;com 20%. Na&hellip;<\/p>\n","protected":false},"author":1,"featured_media":27058,"comment_status":"open","ping_status":"open","sticky":false,"template":"","format":"standard","meta":{"footnotes":""},"categories":[1],"tags":[],"class_list":["post-27057","post","type-post","status-publish","format-standard","has-post-thumbnail","hentry","category-noticias"],"_links":{"self":[{"href":"https:\/\/blogdorogeriogomes.com.br\/noticias\/wp-json\/wp\/v2\/posts\/27057","targetHints":{"allow":["GET"]}}],"collection":[{"href":"https:\/\/blogdorogeriogomes.com.br\/noticias\/wp-json\/wp\/v2\/posts"}],"about":[{"href":"https:\/\/blogdorogeriogomes.com.br\/noticias\/wp-json\/wp\/v2\/types\/post"}],"author":[{"embeddable":true,"href":"https:\/\/blogdorogeriogomes.com.br\/noticias\/wp-json\/wp\/v2\/users\/1"}],"replies":[{"embeddable":true,"href":"https:\/\/blogdorogeriogomes.com.br\/noticias\/wp-json\/wp\/v2\/comments?post=27057"}],"version-history":[{"count":3,"href":"https:\/\/blogdorogeriogomes.com.br\/noticias\/wp-json\/wp\/v2\/posts\/27057\/revisions"}],"predecessor-version":[{"id":27087,"href":"https:\/\/blogdorogeriogomes.com.br\/noticias\/wp-json\/wp\/v2\/posts\/27057\/revisions\/27087"}],"wp:featuredmedia":[{"embeddable":true,"href":"https:\/\/blogdorogeriogomes.com.br\/noticias\/wp-json\/wp\/v2\/media\/27058"}],"wp:attachment":[{"href":"https:\/\/blogdorogeriogomes.com.br\/noticias\/wp-json\/wp\/v2\/media?parent=27057"}],"wp:term":[{"taxonomy":"category","embeddable":true,"href":"https:\/\/blogdorogeriogomes.com.br\/noticias\/wp-json\/wp\/v2\/categories?post=27057"},{"taxonomy":"post_tag","embeddable":true,"href":"https:\/\/blogdorogeriogomes.com.br\/noticias\/wp-json\/wp\/v2\/tags?post=27057"}],"curies":[{"name":"wp","href":"https:\/\/api.w.org\/{rel}","templated":true}]}}