{"id":27065,"date":"2022-10-02T16:52:14","date_gmt":"2022-10-02T16:52:14","guid":{"rendered":"https:\/\/blogdorogeriogomes.com.br\/?p=27065"},"modified":"2022-10-03T11:13:51","modified_gmt":"2022-10-03T11:13:51","slug":"candidatos-ao-governo-do-ceara-votam-acompanhados-de-aliados-e-confiantes-que-estarao-no-2-turno","status":"publish","type":"post","link":"https:\/\/blogdorogeriogomes.com.br\/noticias\/2022\/10\/candidatos-ao-governo-do-ceara-votam-acompanhados-de-aliados-e-confiantes-que-estarao-no-2-turno\/","title":{"rendered":"Candidatos ao Governo do Cear\u00e1 votam acompanhados de aliados e confiantes que estar\u00e3o no 2\u00b0 turno"},"content":{"rendered":"\n<p>Os tr\u00eas principais concorrentes ao Governo do Estado j\u00e1 votaram neste domingo, dia 2 de outubro. O candidato do PT ao Governo do Estado, Elmano de Freitas, votou \u00e0 tarde em Caucaia. Acompanhado do candidato ao Senado, Camilo Santana, que votou pela manh\u00e3 no munic\u00edpio de Barbalha, na regi\u00e3o do Cariri, Elmano se mostrou confiante nas pesquisas que mostram o petista na lideran\u00e7a da disputa estadual. &#8220;O 2\u00b0 turno \u00e9 exatamente para que voc\u00ea possa reunir for\u00e7as para disputar com aquele que foi escolhido para o segundo turno. N\u00f3s vamos dialogar, evidentemente, mas antes temos que saber a confirma\u00e7\u00e3o de que estaremos no 2\u00b0 turno e com quem estaremos. N\u00f3s temos que ter muita humildade, porque \u00e9 o eleitor quem decide quem vai para o 2\u00b0 turno e quem n\u00e3o vai&#8221;, afirmou o petista.<\/p>\n\n\n\n<p>O candidato do PDT ao Governo do Cear\u00e1, Roberto Cl\u00e1udio, votou no fim da manh\u00e3 em Fortaleza, acompanhado do prefeito da Capital, Jos\u00e9 Sarto, da candidata ao Senado, \u00c9rika Amorim, e do senador Tasso Jereissati (PSDB). Ap\u00f3s o rompimento pol\u00edtico entre PT e PDT, Roberto Cl\u00e1udio disse que chegou ao fim da campanha no 1\u00b0 turno &#8220;sem m\u00e1goas de ningu\u00e9m&#8221;.<\/p>\n\n\n\n<p>Capit\u00e3o Wagner (Uni\u00e3o Brasil) votou de manh\u00e3 tamb\u00e9m em Fortaleza. Ele esteva acompanhado da candidata ao Senado Kamila Cardoso e do senador Eduardo Gir\u00e3o (Podemos). \u201cA gente t\u00e1 muito feliz. A gente espera que no final do dia possa lidar com um resultado surpreendente&#8221;, afirmou.<\/p>\n\n\n\n\n\n\n\n<figure class=\"wp-block-image size-full\"><img loading=\"lazy\" decoding=\"async\" width=\"818\" height=\"459\" src=\"https:\/\/blogdorogeriogomes.com.br\/wp-content\/uploads\/2022\/10\/1_3u8a5535-19842947.jpg\" alt=\"\" class=\"wp-image-27066\" srcset=\"https:\/\/blogdorogeriogomes.com.br\/noticias\/wp-content\/uploads\/2022\/10\/1_3u8a5535-19842947.jpg 818w, https:\/\/blogdorogeriogomes.com.br\/noticias\/wp-content\/uploads\/2022\/10\/1_3u8a5535-19842947-300x168.jpg 300w, https:\/\/blogdorogeriogomes.com.br\/noticias\/wp-content\/uploads\/2022\/10\/1_3u8a5535-19842947-768x431.jpg 768w, https:\/\/blogdorogeriogomes.com.br\/noticias\/wp-content\/uploads\/2022\/10\/1_3u8a5535-19842947-800x449.jpg 800w\" sizes=\"auto, (max-width: 818px) 100vw, 818px\" \/><\/figure>\n\n\n\n<figure class=\"wp-block-image size-large\"><img loading=\"lazy\" decoding=\"async\" width=\"1024\" height=\"683\" src=\"https:\/\/blogdorogeriogomes.com.br\/wp-content\/uploads\/2022\/10\/WhatsApp-Image-2022-10-02-at-12.10.51-1024x683.jpeg\" alt=\"\" class=\"wp-image-27067\" srcset=\"https:\/\/blogdorogeriogomes.com.br\/noticias\/wp-content\/uploads\/2022\/10\/WhatsApp-Image-2022-10-02-at-12.10.51-1024x683.jpeg 1024w, https:\/\/blogdorogeriogomes.com.br\/noticias\/wp-content\/uploads\/2022\/10\/WhatsApp-Image-2022-10-02-at-12.10.51-300x200.jpeg 300w, https:\/\/blogdorogeriogomes.com.br\/noticias\/wp-content\/uploads\/2022\/10\/WhatsApp-Image-2022-10-02-at-12.10.51-768x512.jpeg 768w, https:\/\/blogdorogeriogomes.com.br\/noticias\/wp-content\/uploads\/2022\/10\/WhatsApp-Image-2022-10-02-at-12.10.51-800x533.jpeg 800w, https:\/\/blogdorogeriogomes.com.br\/noticias\/wp-content\/uploads\/2022\/10\/WhatsApp-Image-2022-10-02-at-12.10.51.jpeg 1404w\" sizes=\"auto, (max-width: 1024px) 100vw, 1024px\" \/><\/figure>\n\n\n\n<figure class=\"wp-block-image size-large\"><img loading=\"lazy\" decoding=\"async\" width=\"1024\" height=\"559\" src=\"https:\/\/blogdorogeriogomes.com.br\/wp-content\/uploads\/2022\/10\/0210_4a38_1033_d169-1024x559.jpg\" alt=\"\" class=\"wp-image-27068\" srcset=\"https:\/\/blogdorogeriogomes.com.br\/noticias\/wp-content\/uploads\/2022\/10\/0210_4a38_1033_d169-1024x559.jpg 1024w, https:\/\/blogdorogeriogomes.com.br\/noticias\/wp-content\/uploads\/2022\/10\/0210_4a38_1033_d169-300x164.jpg 300w, https:\/\/blogdorogeriogomes.com.br\/noticias\/wp-content\/uploads\/2022\/10\/0210_4a38_1033_d169-768x419.jpg 768w, https:\/\/blogdorogeriogomes.com.br\/noticias\/wp-content\/uploads\/2022\/10\/0210_4a38_1033_d169-800x436.jpg 800w, https:\/\/blogdorogeriogomes.com.br\/noticias\/wp-content\/uploads\/2022\/10\/0210_4a38_1033_d169.jpg 1078w\" sizes=\"auto, (max-width: 1024px) 100vw, 1024px\" \/><\/figure>\n","protected":false},"excerpt":{"rendered":"<p>Os tr\u00eas principais concorrentes ao Governo do Estado j\u00e1 votaram neste domingo, dia 2 de outubro. O candidato do PT ao Governo do Estado, Elmano de Freitas, votou \u00e0 tarde em Caucaia. Acompanhado do candidato ao Senado, Camilo Santana, que votou pela manh\u00e3 no munic\u00edpio de Barbalha, na regi\u00e3o do Cariri, Elmano se mostrou confiante nas pesquisas que mostram o petista na lideran\u00e7a da disputa estadual. &#8220;O 2\u00b0 turno \u00e9 exatamente para que voc\u00ea possa reunir for\u00e7as para disputar&hellip;<\/p>\n","protected":false},"author":1,"featured_media":27066,"comment_status":"open","ping_status":"open","sticky":false,"template":"","format":"standard","meta":{"footnotes":""},"categories":[1],"tags":[],"class_list":["post-27065","post","type-post","status-publish","format-standard","has-post-thumbnail","hentry","category-noticias"],"_links":{"self":[{"href":"https:\/\/blogdorogeriogomes.com.br\/noticias\/wp-json\/wp\/v2\/posts\/27065","targetHints":{"allow":["GET"]}}],"collection":[{"href":"https:\/\/blogdorogeriogomes.com.br\/noticias\/wp-json\/wp\/v2\/posts"}],"about":[{"href":"https:\/\/blogdorogeriogomes.com.br\/noticias\/wp-json\/wp\/v2\/types\/post"}],"author":[{"embeddable":true,"href":"https:\/\/blogdorogeriogomes.com.br\/noticias\/wp-json\/wp\/v2\/users\/1"}],"replies":[{"embeddable":true,"href":"https:\/\/blogdorogeriogomes.com.br\/noticias\/wp-json\/wp\/v2\/comments?post=27065"}],"version-history":[{"count":1,"href":"https:\/\/blogdorogeriogomes.com.br\/noticias\/wp-json\/wp\/v2\/posts\/27065\/revisions"}],"predecessor-version":[{"id":27069,"href":"https:\/\/blogdorogeriogomes.com.br\/noticias\/wp-json\/wp\/v2\/posts\/27065\/revisions\/27069"}],"wp:featuredmedia":[{"embeddable":true,"href":"https:\/\/blogdorogeriogomes.com.br\/noticias\/wp-json\/wp\/v2\/media\/27066"}],"wp:attachment":[{"href":"https:\/\/blogdorogeriogomes.com.br\/noticias\/wp-json\/wp\/v2\/media?parent=27065"}],"wp:term":[{"taxonomy":"category","embeddable":true,"href":"https:\/\/blogdorogeriogomes.com.br\/noticias\/wp-json\/wp\/v2\/categories?post=27065"},{"taxonomy":"post_tag","embeddable":true,"href":"https:\/\/blogdorogeriogomes.com.br\/noticias\/wp-json\/wp\/v2\/tags?post=27065"}],"curies":[{"name":"wp","href":"https:\/\/api.w.org\/{rel}","templated":true}]}}