{"id":27073,"date":"2022-10-03T08:03:31","date_gmt":"2022-10-03T08:03:31","guid":{"rendered":"https:\/\/blogdorogeriogomes.com.br\/?p=27073"},"modified":"2022-10-03T11:13:25","modified_gmt":"2022-10-03T11:13:25","slug":"elmano-de-freitas-e-eleito-governador-do-ceara-vaga-no-senado-fica-com-camilo-santana","status":"publish","type":"post","link":"https:\/\/blogdorogeriogomes.com.br\/noticias\/2022\/10\/elmano-de-freitas-e-eleito-governador-do-ceara-vaga-no-senado-fica-com-camilo-santana\/","title":{"rendered":"Elmano de Freitas \u00e9 eleito governador do Cear\u00e1. Vaga no Senado fica com Camilo Santana"},"content":{"rendered":"\n<p>O deputado estadual Elmano de Freitas (PT) foi eleito governador do Cear\u00e1 no 1\u00b0 turno das elei\u00e7\u00f5es, neste domingo, dia 2 de outubro, para os pr\u00f3ximos quatro anos, com 54% dos votos v\u00e1lidos. Em segundo lugar ficou Capit\u00e3o Wagner (Uni\u00e3o Brasil) e em terceiro, Roberto Cl\u00e1udio (PDT), que era apoiado pelo presidenciavel Ciro Gomes. Para o Senado, foi eleito o ex-governador Camilo Santana (PT) com 68% dia votos v\u00e1lidos.<\/p>\n\n\n\n<p>Na festa da vit\u00f3ria, no comit\u00ea de campanha, Elmano enalteceu os apoios de Lula e Camilo no 1\u00b0 turno. Tamb\u00e9m elogiou o trabalho de continuidade da atual governadora Izolda Cela. &#8220;Lideran\u00e7a n\u00e3o se faz com arrog\u00e2ncia. Lideran\u00e7a se faz com exemplo, com trabalho, com humildade, com sentimento de coletivo. E eu tenho humildade de dizer: fui eleito governador para continuar e seguir em frente com o trabalho de Camilo de Sobreira Santana&#8221;, disse o novo governador.<\/p>\n\n\n\n<p>Tanto Elmano de Freitas, quanto Camilo Santana ressaltaram agora a necessidade de mobiliza\u00e7\u00e3o para eleger Lula como presidente do Brasil no 2\u00b0 turno. &#8220;Agora, n\u00f3s temos uma tarefa, n\u00f3s temos uma miss\u00e3o para os pr\u00f3ximos dias para que a gente possa fechar o time e fazer o Cear\u00e1 3 vezes mais forte&#8221;, afirmou Camilo Santana.<\/p>\n\n\n\n<figure class=\"wp-block-image size-large\"><img loading=\"lazy\" decoding=\"async\" width=\"1024\" height=\"683\" src=\"https:\/\/blogdorogeriogomes.com.br\/wp-content\/uploads\/2022\/10\/JW05270-1024x683.jpg\" alt=\"\" class=\"wp-image-27074\" srcset=\"https:\/\/blogdorogeriogomes.com.br\/noticias\/wp-content\/uploads\/2022\/10\/JW05270-1024x683.jpg 1024w, https:\/\/blogdorogeriogomes.com.br\/noticias\/wp-content\/uploads\/2022\/10\/JW05270-300x200.jpg 300w, https:\/\/blogdorogeriogomes.com.br\/noticias\/wp-content\/uploads\/2022\/10\/JW05270-768x512.jpg 768w, https:\/\/blogdorogeriogomes.com.br\/noticias\/wp-content\/uploads\/2022\/10\/JW05270-1536x1024.jpg 1536w, https:\/\/blogdorogeriogomes.com.br\/noticias\/wp-content\/uploads\/2022\/10\/JW05270-800x533.jpg 800w, https:\/\/blogdorogeriogomes.com.br\/noticias\/wp-content\/uploads\/2022\/10\/JW05270.jpg 1920w\" sizes=\"auto, (max-width: 1024px) 100vw, 1024px\" \/><\/figure>\n","protected":false},"excerpt":{"rendered":"<p>O deputado estadual Elmano de Freitas (PT) foi eleito governador do Cear\u00e1 no 1\u00b0 turno das elei\u00e7\u00f5es, neste domingo, dia 2 de outubro, para os pr\u00f3ximos quatro anos, com 54% dos votos v\u00e1lidos. Em segundo lugar ficou Capit\u00e3o Wagner (Uni\u00e3o Brasil) e em terceiro, Roberto Cl\u00e1udio (PDT), que era apoiado pelo presidenciavel Ciro Gomes. Para o Senado, foi eleito o ex-governador Camilo Santana (PT) com 68% dia votos v\u00e1lidos. Na festa da vit\u00f3ria, no comit\u00ea de campanha, Elmano enalteceu&hellip;<\/p>\n","protected":false},"author":1,"featured_media":27074,"comment_status":"open","ping_status":"open","sticky":false,"template":"","format":"standard","meta":{"footnotes":""},"categories":[1],"tags":[],"class_list":["post-27073","post","type-post","status-publish","format-standard","has-post-thumbnail","hentry","category-noticias"],"_links":{"self":[{"href":"https:\/\/blogdorogeriogomes.com.br\/noticias\/wp-json\/wp\/v2\/posts\/27073","targetHints":{"allow":["GET"]}}],"collection":[{"href":"https:\/\/blogdorogeriogomes.com.br\/noticias\/wp-json\/wp\/v2\/posts"}],"about":[{"href":"https:\/\/blogdorogeriogomes.com.br\/noticias\/wp-json\/wp\/v2\/types\/post"}],"author":[{"embeddable":true,"href":"https:\/\/blogdorogeriogomes.com.br\/noticias\/wp-json\/wp\/v2\/users\/1"}],"replies":[{"embeddable":true,"href":"https:\/\/blogdorogeriogomes.com.br\/noticias\/wp-json\/wp\/v2\/comments?post=27073"}],"version-history":[{"count":1,"href":"https:\/\/blogdorogeriogomes.com.br\/noticias\/wp-json\/wp\/v2\/posts\/27073\/revisions"}],"predecessor-version":[{"id":27075,"href":"https:\/\/blogdorogeriogomes.com.br\/noticias\/wp-json\/wp\/v2\/posts\/27073\/revisions\/27075"}],"wp:featuredmedia":[{"embeddable":true,"href":"https:\/\/blogdorogeriogomes.com.br\/noticias\/wp-json\/wp\/v2\/media\/27074"}],"wp:attachment":[{"href":"https:\/\/blogdorogeriogomes.com.br\/noticias\/wp-json\/wp\/v2\/media?parent=27073"}],"wp:term":[{"taxonomy":"category","embeddable":true,"href":"https:\/\/blogdorogeriogomes.com.br\/noticias\/wp-json\/wp\/v2\/categories?post=27073"},{"taxonomy":"post_tag","embeddable":true,"href":"https:\/\/blogdorogeriogomes.com.br\/noticias\/wp-json\/wp\/v2\/tags?post=27073"}],"curies":[{"name":"wp","href":"https:\/\/api.w.org\/{rel}","templated":true}]}}