{"id":27079,"date":"2022-10-03T08:27:21","date_gmt":"2022-10-03T08:27:21","guid":{"rendered":"https:\/\/blogdorogeriogomes.com.br\/?p=27079"},"modified":"2022-10-03T11:13:02","modified_gmt":"2022-10-03T11:13:02","slug":"confira-os-46-deputados-estaduais-eleitos-para-a-assembleia-legislativa-do-ceara","status":"publish","type":"post","link":"https:\/\/blogdorogeriogomes.com.br\/noticias\/2022\/10\/confira-os-46-deputados-estaduais-eleitos-para-a-assembleia-legislativa-do-ceara\/","title":{"rendered":"Confira os 46 deputados estaduais eleitos para a Assembleia Legislativa do Cear\u00e1"},"content":{"rendered":"\n<p>A Assembleia Legislativa do Cear\u00e1 ter\u00e1 uma nova composi\u00e7\u00e3o a partir de janeiro de 2023. Confira os 46 deputados estaduais eleitos para um novo mandato no Legislativo Estadual.<\/p>\n\n\n\n<p>Veja a listagem dos eleitos:<\/p>\n\n\n\n<p>PDT (Vagas: 13)<\/p>\n\n\n\n<p>EVANDRO LEIT\u00c3O: 113.808<\/p>\n\n\n\n<p>SERGIO AGUIAR: 97.522<\/p>\n\n\n\n<p>ROMEU ALDIGUERI: 90.399<\/p>\n\n\n\n<p>CLAUDIO PINHO: 82.267<\/p>\n\n\n\n<p>OSMAR BAQUIT: 79.769<\/p>\n\n\n\n<p>GUILHERME LANDIM: 76.726<\/p>\n\n\n\n<p>MARCOS SOBREIRA: 72.183<\/p>\n\n\n\n<p>JEOV\u00c1 MOTA: 68.881<\/p>\n\n\n\n<p>ANTONIO HENRIQUE: 67.148<\/p>\n\n\n\n<p>LIA FERREIRA GOMES: 67.000<\/p>\n\n\n\n<p>QUEIROZ FILHO: 64.374<\/p>\n\n\n\n<p>ORIEL NUNES FILHO: 60.642<\/p>\n\n\n\n<p>SALMITO FILHO: 56.624<\/p>\n\n\n\n<p>Federa\u00e7\u00e3o Brasil da Esperan\u00e7a &#8211; FE BRASIL (Vagas: 9)<\/p>\n\n\n\n<p>FERNANDO SANTANA (PT): 111.639<\/p>\n\n\n\n<p>DE ASSIS DINIZ (PT): 63.253<\/p>\n\n\n\n<p>MOISES BRAZ (PT): 63.149<\/p>\n\n\n\n<p>ANTONIO ALYSSON DE AGUIAR PAULA (PCdoB): 55.449<\/p>\n\n\n\n<p>JOSEFA MEDEIROS FARIAS (PT): 47.816<\/p>\n\n\n\n<p>JULIO CESAR FILHO (PT):46.082<\/p>\n\n\n\n<p>JULIANA LUCENA: 45.474<\/p>\n\n\n\n<p>MANOEL MISSIAS BEZERRA (PT): 44.853<\/p>\n\n\n\n<p>LARISSA GASPAR (PT): 37.887<\/p>\n\n\n\n<p>UNI\u00c3O BRASIL (Vagas: 4)<\/p>\n\n\n\n<p>FIRMO CAMUR\u00c7A: 57.836<\/p>\n\n\n\n<p>OSCAR RODRIGUES: 54.066<\/p>\n\n\n\n<p>SARGENTO REGINAURO: 41.635<\/p>\n\n\n\n<p>FELIPE MOTA: 36.949<\/p>\n\n\n\n<p>PL (Vagas: 4)<\/p>\n\n\n\n<p>CARMELO NETO: 118.603<\/p>\n\n\n\n<p>MARTA GON\u00c7ALVES: 112.787<\/p>\n\n\n\n<p>DRA SILVANA: 83.423<\/p>\n\n\n\n<p>ALCIDES FERNANDES: 79.207<\/p>\n\n\n\n<p>MDB (Vagas: 3)<\/p>\n\n\n\n<p>AGENOR NETO: 68.289<\/p>\n\n\n\n<p>DANNIEL OLIVEIRA: 63.463<\/p>\n\n\n\n<p>DAVID DE RAIMUND\u00c3O: 55.112<\/p>\n\n\n\n<p>PSD (Vagas: 3)<\/p>\n\n\n\n<p>GABRIELLA AGUIAR: 83.128<\/p>\n\n\n\n<p>LUC\u00cdLVIO GIR\u00c3O: 52.368<\/p>\n\n\n\n<p>FERNANDO HUGO: 36.880<\/p>\n\n\n\n<p>PROGRESSISTAS (Vagas: 3)<\/p>\n\n\n\n<p>ZEZINHO ALBUQUERQUE: 85.138<\/p>\n\n\n\n<p>JO\u00c3O JAIME: 76.053<\/p>\n\n\n\n<p>LEONARDO PINHEIRO: 56.059&#8243;<\/p>\n\n\n\n<p>REPUBLICANOS (Vagas: 2)<\/p>\n\n\n\n<p>DAVID DURAND: 78.419<\/p>\n\n\n\n<p>AP\u00d3STOLO LUIZ HENRIQUE: 35.149<\/p>\n\n\n\n<p>Federa\u00e7\u00e3o PSDB Cidadania (Vagas: 2)<\/p>\n\n\n\n<p>LUANA R\u00c9GIA DE FREITAS LIMA (Cidadania): 51.548<\/p>\n\n\n\n<p>EMILIA PESSOA (PSDB): 33.275<\/p>\n\n\n\n<p>AVANTE (Vagas: 1)<\/p>\n\n\n\n<p>STUART CASTRO FARIAS LIMA: 17.243<\/p>\n\n\n\n<p>PMN (Vagas: 1)<\/p>\n\n\n\n<p>LUCINILDO DA FROTA BRITO: 21.751<\/p>\n\n\n\n<p>Federa\u00e7\u00e3o PSOL REDE (Vagas: 1)RENATO ROSENO (Psol): 83.062<\/p>\n\n\n\n<figure class=\"wp-block-table\"><table><tbody><tr><td><\/td><td><\/td><\/tr><tr><td><\/td><td><\/td><\/tr><tr><td><\/td><td><\/td><\/tr><tr><td><\/td><td><\/td><\/tr><tr><td><\/td><td><\/td><\/tr><tr><td><\/td><td><\/td><\/tr><tr><td><\/td><td><\/td><\/tr><tr><td><\/td><td><\/td><\/tr><tr><td><\/td><td><\/td><\/tr><tr><td><\/td><td><\/td><\/tr><tr><td><\/td><td><\/td><\/tr><tr><td><\/td><td><\/td><\/tr><tr><td><\/td><td><\/td><\/tr><tr><td><\/td><td><\/td><\/tr><tr><td><\/td><td><\/td><\/tr><tr><td><\/td><td><\/td><\/tr><tr><td><\/td><td><\/td><\/tr><tr><td><\/td><td><\/td><\/tr><tr><td><\/td><td><\/td><\/tr><tr><td><\/td><td><\/td><\/tr><tr><td><\/td><td><\/td><\/tr><tr><td><\/td><td><\/td><\/tr><tr><td><\/td><td><\/td><\/tr><\/tbody><\/table><\/figure>\n\n\n\n<figure class=\"wp-block-image size-full\"><img loading=\"lazy\" decoding=\"async\" width=\"678\" height=\"452\" src=\"https:\/\/blogdorogeriogomes.com.br\/wp-content\/uploads\/2022\/10\/images-26.jpeg\" alt=\"\" class=\"wp-image-27080\" srcset=\"https:\/\/blogdorogeriogomes.com.br\/noticias\/wp-content\/uploads\/2022\/10\/images-26.jpeg 678w, https:\/\/blogdorogeriogomes.com.br\/noticias\/wp-content\/uploads\/2022\/10\/images-26-300x200.jpeg 300w\" sizes=\"auto, (max-width: 678px) 100vw, 678px\" \/><\/figure>\n","protected":false},"excerpt":{"rendered":"<p>A Assembleia Legislativa do Cear\u00e1 ter\u00e1 uma nova composi\u00e7\u00e3o a partir de janeiro de 2023. Confira os 46 deputados estaduais eleitos para um novo mandato no Legislativo Estadual. Veja a listagem dos eleitos: PDT (Vagas: 13) EVANDRO LEIT\u00c3O: 113.808 SERGIO AGUIAR: 97.522 ROMEU ALDIGUERI: 90.399 CLAUDIO PINHO: 82.267 OSMAR BAQUIT: 79.769 GUILHERME LANDIM: 76.726 MARCOS SOBREIRA: 72.183 JEOV\u00c1 MOTA: 68.881 ANTONIO HENRIQUE: 67.148 LIA FERREIRA GOMES: 67.000 QUEIROZ FILHO: 64.374 ORIEL NUNES FILHO: 60.642 SALMITO FILHO: 56.624 Federa\u00e7\u00e3o Brasil&hellip;<\/p>\n","protected":false},"author":1,"featured_media":27080,"comment_status":"open","ping_status":"open","sticky":false,"template":"","format":"standard","meta":{"footnotes":""},"categories":[1],"tags":[],"class_list":["post-27079","post","type-post","status-publish","format-standard","has-post-thumbnail","hentry","category-noticias"],"_links":{"self":[{"href":"https:\/\/blogdorogeriogomes.com.br\/noticias\/wp-json\/wp\/v2\/posts\/27079","targetHints":{"allow":["GET"]}}],"collection":[{"href":"https:\/\/blogdorogeriogomes.com.br\/noticias\/wp-json\/wp\/v2\/posts"}],"about":[{"href":"https:\/\/blogdorogeriogomes.com.br\/noticias\/wp-json\/wp\/v2\/types\/post"}],"author":[{"embeddable":true,"href":"https:\/\/blogdorogeriogomes.com.br\/noticias\/wp-json\/wp\/v2\/users\/1"}],"replies":[{"embeddable":true,"href":"https:\/\/blogdorogeriogomes.com.br\/noticias\/wp-json\/wp\/v2\/comments?post=27079"}],"version-history":[{"count":2,"href":"https:\/\/blogdorogeriogomes.com.br\/noticias\/wp-json\/wp\/v2\/posts\/27079\/revisions"}],"predecessor-version":[{"id":27084,"href":"https:\/\/blogdorogeriogomes.com.br\/noticias\/wp-json\/wp\/v2\/posts\/27079\/revisions\/27084"}],"wp:featuredmedia":[{"embeddable":true,"href":"https:\/\/blogdorogeriogomes.com.br\/noticias\/wp-json\/wp\/v2\/media\/27080"}],"wp:attachment":[{"href":"https:\/\/blogdorogeriogomes.com.br\/noticias\/wp-json\/wp\/v2\/media?parent=27079"}],"wp:term":[{"taxonomy":"category","embeddable":true,"href":"https:\/\/blogdorogeriogomes.com.br\/noticias\/wp-json\/wp\/v2\/categories?post=27079"},{"taxonomy":"post_tag","embeddable":true,"href":"https:\/\/blogdorogeriogomes.com.br\/noticias\/wp-json\/wp\/v2\/tags?post=27079"}],"curies":[{"name":"wp","href":"https:\/\/api.w.org\/{rel}","templated":true}]}}